{"id":17284,"date":"2023-09-29T09:23:55","date_gmt":"2023-09-29T12:23:55","guid":{"rendered":"http:\/\/dgospel.com.br\/portal\/?p=17284"},"modified":"2023-09-29T09:23:56","modified_gmt":"2023-09-29T12:23:56","slug":"comandante-do-exercito-elogia-decisao-do-tse-de-remover-forcas-armadas-da-fiscalizacao-das-urnas-eletronicas","status":"publish","type":"post","link":"https:\/\/dgospel.com.br\/portal\/index.php\/2023\/09\/29\/comandante-do-exercito-elogia-decisao-do-tse-de-remover-forcas-armadas-da-fiscalizacao-das-urnas-eletronicas\/","title":{"rendered":"Comandante do Ex\u00e9rcito elogia decis\u00e3o do TSE de remover For\u00e7as Armadas da fiscaliza\u00e7\u00e3o das urnas eletr\u00f4nicas"},"content":{"rendered":"\n<p>O general Tom\u00e1s Paiva, comandante do Ex\u00e9rcito, expressou satisfa\u00e7\u00e3o com a decis\u00e3o do Tribunal Superior Eleitoral (TSE) de remover as For\u00e7as Armadas da lista de entidades fiscalizadoras das urnas eletr\u00f4nicas. \u201cAchei muito boa! Era consenso antes que n\u00e3o dever\u00edamos estar nisso. N\u00e3o havia necessidade\u201d, declarou o general, refor\u00e7ando que sempre deixou claro a posi\u00e7\u00e3o contr\u00e1ria do Ex\u00e9rcito \u00e0 essa responsabilidade.<\/p>\n\n\n\n<p><a href=\"https:\/\/www.assembleia.pr.leg.br\/assembleia-itinerante\/sugestao-de-melhorias-para-sua-cidade\" target=\"_blank\" rel=\"noreferrer noopener\"><\/a><\/p>\n\n\n\n<p>J\u00e1 o ministro da Defesa, Jos\u00e9 M\u00facio, comentou de forma breve a respeito, afirmando: \u201cDecis\u00e3o da Justi\u00e7a. N\u00e3o est\u00e3o precisando mais\u201d, lembrando que os militares haviam se envolvido a pedido.<\/p>\n\n\n\n<p>Em 2021, o ministro do STF, Lu\u00eds Roberto Barroso, ent\u00e3o presidente do TSE, incluiu as For\u00e7as Armadas na fiscaliza\u00e7\u00e3o das elei\u00e7\u00f5es. Essa decis\u00e3o posteriormente foi explorada por aliados do ex-presidente Jair Bolsonaro para questionar a integridade das urnas eletr\u00f4nicas.<\/p>\n\n\n\n<p>O TSE, em sess\u00e3o na ter\u00e7a-feira (26), optou por excluir os militares dessa fun\u00e7\u00e3o. O ministro Alexandre de Moraes, relator da decis\u00e3o, destacou: \u201cN\u00e3o se mostrou necess\u00e1rio, razo\u00e1vel e eficiente a participa\u00e7\u00e3o das For\u00e7as Armadas no rol das entidades fiscalizadoras do sistema eletr\u00f4nico de vota\u00e7\u00e3o.\u201d<\/p>\n\n\n\n<p>Al\u00e9m das For\u00e7as Armadas, o TSE tamb\u00e9m excluiu o STF da lista, justificando que, com tr\u00eas de seus 11 ministros j\u00e1 integrando a Justi\u00e7a Eleitoral, sua presen\u00e7a como fiscalizador tornou-se dispens\u00e1vel.<\/p>\n","protected":false},"excerpt":{"rendered":"<p>O general Tom\u00e1s Paiva, comandante do Ex\u00e9rcito, expressou satisfa\u00e7\u00e3o com a decis\u00e3o do Tribunal Superior Eleitoral (TSE) de remover as For\u00e7as Armadas da lista de entidades fiscalizadoras das urnas eletr\u00f4nicas. \u201cAchei muito boa! Era consenso antes que n\u00e3o dever\u00edamos estar nisso. N\u00e3o havia necessidade\u201d, declarou o general, refor\u00e7ando que sempre deixou claro a posi\u00e7\u00e3o contr\u00e1ria [&hellip;]<\/p>\n","protected":false},"author":2,"featured_media":17285,"comment_status":"open","ping_status":"open","sticky":false,"template":"","format":"standard","meta":[],"categories":[10],"tags":[],"_links":{"self":[{"href":"https:\/\/dgospel.com.br\/portal\/index.php\/wp-json\/wp\/v2\/posts\/17284"}],"collection":[{"href":"https:\/\/dgospel.com.br\/portal\/index.php\/wp-json\/wp\/v2\/posts"}],"about":[{"href":"https:\/\/dgospel.com.br\/portal\/index.php\/wp-json\/wp\/v2\/types\/post"}],"author":[{"embeddable":true,"href":"https:\/\/dgospel.com.br\/portal\/index.php\/wp-json\/wp\/v2\/users\/2"}],"replies":[{"embeddable":true,"href":"https:\/\/dgospel.com.br\/portal\/index.php\/wp-json\/wp\/v2\/comments?post=17284"}],"version-history":[{"count":1,"href":"https:\/\/dgospel.com.br\/portal\/index.php\/wp-json\/wp\/v2\/posts\/17284\/revisions"}],"predecessor-version":[{"id":17286,"href":"https:\/\/dgospel.com.br\/portal\/index.php\/wp-json\/wp\/v2\/posts\/17284\/revisions\/17286"}],"wp:featuredmedia":[{"embeddable":true,"href":"https:\/\/dgospel.com.br\/portal\/index.php\/wp-json\/wp\/v2\/media\/17285"}],"wp:attachment":[{"href":"https:\/\/dgospel.com.br\/portal\/index.php\/wp-json\/wp\/v2\/media?parent=17284"}],"wp:term":[{"taxonomy":"category","embeddable":true,"href":"https:\/\/dgospel.com.br\/portal\/index.php\/wp-json\/wp\/v2\/categories?post=17284"},{"taxonomy":"post_tag","embeddable":true,"href":"https:\/\/dgospel.com.br\/portal\/index.php\/wp-json\/wp\/v2\/tags?post=17284"}],"curies":[{"name":"wp","href":"https:\/\/api.w.org\/{rel}","templated":true}]}}