{"id":17287,"date":"2023-09-29T09:30:07","date_gmt":"2023-09-29T12:30:07","guid":{"rendered":"http:\/\/dgospel.com.br\/portal\/?p=17287"},"modified":"2023-09-29T09:30:09","modified_gmt":"2023-09-29T12:30:09","slug":"seguranca-publica-de-flavio-dino-tem-a-pior-avaliacao-revela-pesquisa","status":"publish","type":"post","link":"https:\/\/dgospel.com.br\/portal\/index.php\/2023\/09\/29\/seguranca-publica-de-flavio-dino-tem-a-pior-avaliacao-revela-pesquisa\/","title":{"rendered":"Seguran\u00e7a P\u00fablica, de Fl\u00e1vio Dino, tem a pior avalia\u00e7\u00e3o, revela pesquisa"},"content":{"rendered":"\n<p>Uma recente pesquisa conduzida pelo instituto Atlas trouxe \u00e0 tona as preocupa\u00e7\u00f5es dos eleitores brasileiros em rela\u00e7\u00e3o \u00e0 seguran\u00e7a p\u00fablica, destacando-a como a \u00e1rea de pior avalia\u00e7\u00e3o. Os resultados do levantamento, realizado entre os dias 20 e 25 de setembro, fornecem insights importantes sobre um tema crucial na vida dos cidad\u00e3os.<\/p>\n\n\n\n<p>A pasta da Justi\u00e7a e Seguran\u00e7a P\u00fablica, sob o comando de Fl\u00e1vio Dino, figura entre as mais observadas, uma vez que seu titular \u00e9 um dos nomes cogitados para ocupar a cadeira vaga no Supremo Tribunal Federal (STF), deixada pela ministra Rosa Weber.<\/p>\n\n\n\n<p>De acordo com os dados obtidos, apenas 20% dos brasileiros consideram o desempenho do governo na \u00e1rea como \u201c\u00f3timo\u201d, enquanto outros 18% afirmam que a condu\u00e7\u00e3o tem sido \u201cboa\u201d. No entanto, uma maioria expressiva de 47% classifica a atua\u00e7\u00e3o como \u201cp\u00e9ssima\u201d, com mais 9% caracterizando-a como \u201cruim\u201d. Somadas, as avalia\u00e7\u00f5es negativas atingem 56% da amostra, enquanto os 9% restantes a classificam como \u201cregular\u201d.<\/p>\n\n\n\n<p>O levantamento envolveu a consulta de 3.038 pessoas por meio de um m\u00e9todo de recrutamento digital aleat\u00f3rio. \u00c9 importante ressaltar que a margem de erro da pesquisa \u00e9 de dois pontos percentuais, para mais ou para menos, e o n\u00edvel de confian\u00e7a \u00e9 de 95%.<\/p>\n","protected":false},"excerpt":{"rendered":"<p>Uma recente pesquisa conduzida pelo instituto Atlas trouxe \u00e0 tona as preocupa\u00e7\u00f5es dos eleitores brasileiros em rela\u00e7\u00e3o \u00e0 seguran\u00e7a p\u00fablica, destacando-a como a \u00e1rea de pior avalia\u00e7\u00e3o. Os resultados do levantamento, realizado entre os dias 20 e 25 de setembro, fornecem insights importantes sobre um tema crucial na vida dos cidad\u00e3os. A pasta da Justi\u00e7a [&hellip;]<\/p>\n","protected":false},"author":2,"featured_media":17288,"comment_status":"open","ping_status":"open","sticky":false,"template":"","format":"standard","meta":[],"categories":[4],"tags":[],"_links":{"self":[{"href":"https:\/\/dgospel.com.br\/portal\/index.php\/wp-json\/wp\/v2\/posts\/17287"}],"collection":[{"href":"https:\/\/dgospel.com.br\/portal\/index.php\/wp-json\/wp\/v2\/posts"}],"about":[{"href":"https:\/\/dgospel.com.br\/portal\/index.php\/wp-json\/wp\/v2\/types\/post"}],"author":[{"embeddable":true,"href":"https:\/\/dgospel.com.br\/portal\/index.php\/wp-json\/wp\/v2\/users\/2"}],"replies":[{"embeddable":true,"href":"https:\/\/dgospel.com.br\/portal\/index.php\/wp-json\/wp\/v2\/comments?post=17287"}],"version-history":[{"count":1,"href":"https:\/\/dgospel.com.br\/portal\/index.php\/wp-json\/wp\/v2\/posts\/17287\/revisions"}],"predecessor-version":[{"id":17289,"href":"https:\/\/dgospel.com.br\/portal\/index.php\/wp-json\/wp\/v2\/posts\/17287\/revisions\/17289"}],"wp:featuredmedia":[{"embeddable":true,"href":"https:\/\/dgospel.com.br\/portal\/index.php\/wp-json\/wp\/v2\/media\/17288"}],"wp:attachment":[{"href":"https:\/\/dgospel.com.br\/portal\/index.php\/wp-json\/wp\/v2\/media?parent=17287"}],"wp:term":[{"taxonomy":"category","embeddable":true,"href":"https:\/\/dgospel.com.br\/portal\/index.php\/wp-json\/wp\/v2\/categories?post=17287"},{"taxonomy":"post_tag","embeddable":true,"href":"https:\/\/dgospel.com.br\/portal\/index.php\/wp-json\/wp\/v2\/tags?post=17287"}],"curies":[{"name":"wp","href":"https:\/\/api.w.org\/{rel}","templated":true}]}}