{"id":17293,"date":"2023-09-29T09:39:33","date_gmt":"2023-09-29T12:39:33","guid":{"rendered":"http:\/\/dgospel.com.br\/portal\/?p=17293"},"modified":"2023-09-29T09:39:35","modified_gmt":"2023-09-29T12:39:35","slug":"o-direito-de-nascer-nao-pode-ser-interrompido-por-vontade-diz-pastor-douglas-baptista-sobre-aborto","status":"publish","type":"post","link":"https:\/\/dgospel.com.br\/portal\/index.php\/2023\/09\/29\/o-direito-de-nascer-nao-pode-ser-interrompido-por-vontade-diz-pastor-douglas-baptista-sobre-aborto\/","title":{"rendered":"\u201cO direito de nascer n\u00e3o pode ser interrompido por vontade\u201d, diz pastor \u00a0Douglas Baptista sobre aborto"},"content":{"rendered":"\n<p>Enquanto a legaliza\u00e7\u00e3o do&nbsp;<strong><a href=\"https:\/\/guiame.com.br\/gospel\/noticias\/juristas-e-parlamentares-cristaos-lutam-para-impedir-julgamento-do-aborto-no-stf.html\">aborto<\/a><\/strong>&nbsp;est\u00e1&nbsp;<strong><a href=\"https:\/\/guiame.com.br\/gospel\/noticias\/quem-sao-os-ministros-do-stf-contrarios-descriminalizacao-do-aborto.html\">em julgamento no Supremo Tribunal Federal<\/a><\/strong>&nbsp;(STF), o pastor e te\u00f3logo Douglas Baptista defendeu o direto \u00e0 vida e chamou os crist\u00e3os a se pocisionarem a favor da dignidade humana.<\/p>\n\n\n\n<p>Em entrevista ao&nbsp;<strong>Guiame<\/strong>, Baptista combateu o argumento usado por ativistas pr\u00f3-aborto de que o feto em desenvolvimento ainda n\u00e3o \u00e9 uma vida e, por isso, porde ser assassinado.<\/p>\n\n\n\n<p>\u201cA Palavra de Deus \u00e9 clara ao ensinar que a vida tem in\u00edcio na fecunda\u00e7\u00e3o. O profeta Jeremias registrou: \u2018antes que te formasse no ventre te conheci, e antes que sa\u00edsses da madre, te santifiquei; as na\u00e7\u00f5es te dei por profeta\u2019 (Jr 1.5). Esse texto indica que, antes de qualquer desenvolvimento do embri\u00e3o, ou seja, na concep\u00e7\u00e3o e ainda antes do nascimento do feto, Deus j\u00e1 considerava o profeta como um ser humano\u201d, afirmou o te\u00f3logo.<\/p>\n\n\n\n<p><strong>A vida come\u00e7a na concep\u00e7\u00e3o<\/strong><\/p>\n\n\n\n<p>Douglas afirmou que, de acordo com as Escrituras, a vida come\u00e7a quando ocorre a uni\u00e3o do gameta masculino ao feminino.<\/p>\n\n\n\n<p>\u201cEssa nova c\u00e9lula (zigoto) \u00e9 um ser humano e possui identidade pr\u00f3pria e, portanto, o seu direito de nascer n\u00e3o pode ser interrompido por vontade, desejos ou caprichos do homem\u201d, pontuou.<\/p>\n\n\n\n<p>O pastor ressaltou ainda que as pessoas s\u00e3o conhecidas e cuidadas por Deus desde a concep\u00e7\u00e3o, de acordo com a passagem b\u00edblica de Salmos 139.<\/p>\n\n\n\n<p>\u201cDeus \u00e9 quem forma o ser dentro do ventre da m\u00e3e. O ser vivo \u00e9 formado de modo \u2018assombroso\u2019 e \u2018maravilhoso\u2019. O salmista afirma que Deus v\u00ea o embri\u00e3o ainda informe, e o ama em todos os processos formativos, desde a fecunda\u00e7\u00e3o, nascimento e por toda a sua vida\u201d, disse.<\/p>\n\n\n\n<p><strong>Contra a legaliza\u00e7\u00e3o do aborto<\/strong><\/p>\n\n\n\n<p>Atuando como presidente do Conselho de Educa\u00e7\u00e3o e Cultura da Conven\u00e7\u00e3o das Assembleias de Deus no Brasil (CGADB), Douglas Baptista defendeu a vida durante uma audi\u00eancia p\u00fablica sobre a legaliza\u00e7\u00e3o do aborto no STF, em 2018.<\/p>\n\n\n\n<p>Com a pauta voltando a julgamento neste ano, o pastor citou uma pesquisa recente do Ipec, mostrando que&nbsp;<strong><a href=\"https:\/\/guiame.com.br\/gospel\/noticias\/70-dos-brasileiros-sao-contra-legalizacao-do-aborto-aponta-pesquisa.html\">70% dos brasileiros dizem serem contra a legaliza\u00e7\u00e3o do aborto<\/a><\/strong>.&nbsp;<\/p>\n\n\n\n<p>\u201cN\u00e3o obstante, o aparelhamento ideol\u00f3gico do Estado despreza o desejo da popula\u00e7\u00e3o, e favorece a inclus\u00e3o de pautas progressistas contr\u00e1rias \u00e0 cultura judaico-crist\u00e3\u201d, afirmou ele.<\/p>\n\n\n\n<p>Para o pastor, os crist\u00e3os podem ajudar na luta contra o aborto se posicionando a favor do direito \u00e0 vida desde a concep\u00e7\u00e3o no ventre da m\u00e3e e do cuidado \u00e0 pessoa vulner\u00e1vel.<\/p>\n\n\n\n<p>\u201cO crist\u00e3o precisa posicionar-se de modo enf\u00e1tico a favor da valoriza\u00e7\u00e3o da dignidade humana\u201d, ensinou Douglas.<\/p>\n\n\n\n<p>E completou: \u201c\u00c9 necess\u00e1rio, tamb\u00e9m, tomar cuidado com o doutrinamento ideol\u00f3gico presente nesta sociedade secularizada. O crist\u00e3o n\u00e3o deve ceder ao relativismo cultural e estar sempre alerta quanto \u00e0s a\u00e7\u00f5es de manipula\u00e7\u00e3o de sua consci\u00eancia e o desrespeito \u00e0 vida humana\u201d.<\/p>\n","protected":false},"excerpt":{"rendered":"<p>Enquanto a legaliza\u00e7\u00e3o do&nbsp;aborto&nbsp;est\u00e1&nbsp;em julgamento no Supremo Tribunal Federal&nbsp;(STF), o pastor e te\u00f3logo Douglas Baptista defendeu o direto \u00e0 vida e chamou os crist\u00e3os a se pocisionarem a favor da dignidade humana. Em entrevista ao&nbsp;Guiame, Baptista combateu o argumento usado por ativistas pr\u00f3-aborto de que o feto em desenvolvimento ainda n\u00e3o \u00e9 uma vida e, [&hellip;]<\/p>\n","protected":false},"author":2,"featured_media":17294,"comment_status":"open","ping_status":"open","sticky":false,"template":"","format":"standard","meta":[],"categories":[11,12,5],"tags":[],"_links":{"self":[{"href":"https:\/\/dgospel.com.br\/portal\/index.php\/wp-json\/wp\/v2\/posts\/17293"}],"collection":[{"href":"https:\/\/dgospel.com.br\/portal\/index.php\/wp-json\/wp\/v2\/posts"}],"about":[{"href":"https:\/\/dgospel.com.br\/portal\/index.php\/wp-json\/wp\/v2\/types\/post"}],"author":[{"embeddable":true,"href":"https:\/\/dgospel.com.br\/portal\/index.php\/wp-json\/wp\/v2\/users\/2"}],"replies":[{"embeddable":true,"href":"https:\/\/dgospel.com.br\/portal\/index.php\/wp-json\/wp\/v2\/comments?post=17293"}],"version-history":[{"count":1,"href":"https:\/\/dgospel.com.br\/portal\/index.php\/wp-json\/wp\/v2\/posts\/17293\/revisions"}],"predecessor-version":[{"id":17295,"href":"https:\/\/dgospel.com.br\/portal\/index.php\/wp-json\/wp\/v2\/posts\/17293\/revisions\/17295"}],"wp:featuredmedia":[{"embeddable":true,"href":"https:\/\/dgospel.com.br\/portal\/index.php\/wp-json\/wp\/v2\/media\/17294"}],"wp:attachment":[{"href":"https:\/\/dgospel.com.br\/portal\/index.php\/wp-json\/wp\/v2\/media?parent=17293"}],"wp:term":[{"taxonomy":"category","embeddable":true,"href":"https:\/\/dgospel.com.br\/portal\/index.php\/wp-json\/wp\/v2\/categories?post=17293"},{"taxonomy":"post_tag","embeddable":true,"href":"https:\/\/dgospel.com.br\/portal\/index.php\/wp-json\/wp\/v2\/tags?post=17293"}],"curies":[{"name":"wp","href":"https:\/\/api.w.org\/{rel}","templated":true}]}}