{"id":17299,"date":"2023-09-29T11:15:46","date_gmt":"2023-09-29T14:15:46","guid":{"rendered":"http:\/\/dgospel.com.br\/portal\/?p=17299"},"modified":"2023-09-29T11:15:48","modified_gmt":"2023-09-29T14:15:48","slug":"governo-do-tocantins-reune-especialistas-e-avanca-na-construcao-de-politicas-publicas-voltadas-para-as-mulheres","status":"publish","type":"post","link":"https:\/\/dgospel.com.br\/portal\/index.php\/2023\/09\/29\/governo-do-tocantins-reune-especialistas-e-avanca-na-construcao-de-politicas-publicas-voltadas-para-as-mulheres\/","title":{"rendered":"Governo do Tocantins re\u00fane especialistas e avan\u00e7a na constru\u00e7\u00e3o de pol\u00edticas p\u00fablicas voltadas para as mulheres"},"content":{"rendered":"\n<p>Com objetivo de identificar as demandas femininas mais importantes para que os Organismos de Pol\u00edticas para as Mulheres (OPM) que ser\u00e3o criados possam desenvolver a\u00e7\u00f5es eficientes que atendam com qualidade as mulheres foi realizado nessa quinta-feira, 28, em Palmas, o 1\u00baF\u00f3rum de Pol\u00edticas P\u00fablicas para as Mulheres, no Pal\u00e1cio Araguaia Governador Jos\u00e9 Wilson Siqueira Campos. O evento contou com a presen\u00e7a de prefeitos, primeiras-damas, secretarias de Assist\u00eancia Social dos munic\u00edpios tocantinenses, secret\u00e1rios de Estado, reitores, autarquias e representantes do Minist\u00e9rio das Mulheres.<\/p>\n\n\n\n<p>A secret\u00e1ria de Estado da Mulher, Berenice Barbosa, destacou a import\u00e2ncia de discuss\u00f5es para o fortalecimento da garantia das mulheres. \u201cPrecisamos garantir que as mulheres tenham acesso igualit\u00e1rio \u00e0 educa\u00e7\u00e3o, oportunidades de trabalho, servi\u00e7os de sa\u00fade e participa\u00e7\u00e3o ativa na tomada de decis\u00f5es. O f\u00f3rum \u00e9 o local onde discutiremos como superar obst\u00e1culos, identificarmos as melhores pr\u00e1ticas e elaborarmos solu\u00e7\u00f5es inovadoras. Ao longo dessa jornada enfrentaremos resist\u00eancias e adversidades, mas juntos somos mais fortes. \u00c9 por meio do di\u00e1logo, da colabora\u00e7\u00e3o e da uni\u00e3o de nossos esfor\u00e7os que avan\u00e7aremos na constru\u00e7\u00e3o de uma sociedade mais justa e igualit\u00e1ria\u201d, destacou.<\/p>\n\n\n\n<p>Empenhada em garantir a implementa\u00e7\u00e3o das pol\u00edticas p\u00fablicas para mulheres, a Secretaria da Mulher tem firmado parcerias com \u00f3rg\u00e3os governamentais e n\u00e3o governamentais e institui\u00e7\u00f5es acad\u00eamicas. Entre as parcerias firmadas est\u00e1 a com a Universidade Federal do Tocantins (UFT), que apoiou a realiza\u00e7\u00e3o do f\u00f3rum e \u00e9 parceira na constru\u00e7\u00e3o das pol\u00edticas&nbsp;p\u00fablicas para as mulheres. \u201cA universidade se coloca como parceira da secretaria e de outras pastas porque os trabalhos transversais necessitam de interlocu\u00e7\u00e3o e apoio de todos. Aquilo que cabe a Universidade Federal do Tocantins, no \u00e2mbito do conhecimento e da investiga\u00e7\u00e3o cient\u00edfica, para constru\u00e7\u00e3o de pol\u00edticas mais robustas que possam dar conta dos desafios que temos aqui no Tocantins, iremos construir juntos. Nos sentimos honrados por fazer parte do desenvolvimento deste trabalho\u201d, enfatizou o reitor da Universidade Federal do Tocantins, professor doutor Lu\u00eds Eduardo Bovolato.<\/p>\n\n\n\n<p>A cria\u00e7\u00e3o dos organismos possibilita chegar ao cotidiano das mulheres a\u00e7\u00f5es do poder p\u00fablico. A coordenadora-geral de articula\u00e7\u00e3o dos Organismos de Pol\u00edtica para Mulheres e das entidades de administra\u00e7\u00e3o federal, C\u00e9lia Watanabe, refor\u00e7ou sobre a import\u00e2ncia da participa\u00e7\u00e3o das mulheres nos diversos ambientes. \u201cPrecisamos ocupar nossos espa\u00e7os na pol\u00edtica, na institucionaliza\u00e7\u00e3o, na academia, no legislativo, em todos os espa\u00e7os, porque somente com a presen\u00e7a, e a presen\u00e7a qualificada, \u00e9 que poderemos contribuir com o fim da desigualdade. Temos desvantagens em v\u00e1rios segmentos, em v\u00e1rios setores da economia, do social, entre outros. Precisamos reverter essa situa\u00e7\u00e3o para conviver em um espa\u00e7o mais justo e igualit\u00e1rio&#8221;, frisou.&nbsp;<br><br>Durante o f\u00f3rum foram realizadas as palestras \u201cSuperando a vulnerabilidade por meio da inclus\u00e3o social\u201d, ministrada por C\u00e9lia Watanabe; \u201cConstitui\u00e7\u00e3o da rede interinstitucional e interdisciplinar prote\u00e7\u00e3o e defesa das pessoas em situa\u00e7\u00e3o de rua\u201d, ministrada pela pr\u00f3-reitora de Extens\u00e3o, Cultura e Assuntos Comunit\u00e1rios da UFT, professora doutora Maria Santana Ferreira dos Santos, e a palestra \u201cPol\u00edtica p\u00fablicas da mulher com \u00eanfase no Plano Nacional da Mulher\/2015, da Ordem dos Advogados do Brasil\u201d, ministrada pela vice-presidente da OAB\/TO, Priscila Madruga.<\/p>\n\n\n\n<p>No decorrer do f\u00f3rum, os participantes foram organizados em grupos para discutir sobre os desafios e possibilidades de articula\u00e7\u00e3o entre os OPM municipais.<\/p>\n\n\n\n<p>A programa\u00e7\u00e3o do I F\u00f3rum de Pol\u00edticas P\u00fablicas para as Mulheres continua nesta sexta-feira, 29, no audit\u00f3rio do Pal\u00e1cio Araguaia Governador Jos\u00e9 Wilson Siqueira Campos.<\/p>\n\n\n\n<p><img src=\"https:\/\/central.to.gov.br\/image\/348884?w=670&amp;h=383\"><\/p>\n\n\n\n<p>Berenice Barbosa destacou a necessidade de garantir acesso igualit\u00e1rio das mulheres \u00e0 educa\u00e7\u00e3o, oportunidades de trabalho, servi\u00e7os de sa\u00fade e participa\u00e7\u00e3o ativa na tomada de decis\u00f5es &#8211; Loise Maria\/Governo do Tocantins\u00a0<\/p>\n\n\n\n<p><img src=\"https:\/\/central.to.gov.br\/image\/348882?w=670&amp;h=383\"><\/p>\n\n\n\n<p>C\u00e9lia Watanabe refor\u00e7ou sobre a import\u00e2ncia da participa\u00e7\u00e3o das mulheres nos diversos ambientes &#8211; Loise Maria\/Governo do Tocantins\u00a0<\/p>\n\n\n\n<p><img src=\"https:\/\/central.to.gov.br\/image\/348881?w=670&amp;h=383\"><\/p>\n\n\n\n<p>Evento marcou in\u00edcio do combate \u00e0 todas as formas de viol\u00eancia contra a mulher &#8211; Loise Maria\/Governo do Tocantins\u00a0<\/p>\n","protected":false},"excerpt":{"rendered":"<p>Com objetivo de identificar as demandas femininas mais importantes para que os Organismos de Pol\u00edticas para as Mulheres (OPM) que ser\u00e3o criados possam desenvolver a\u00e7\u00f5es eficientes que atendam com qualidade as mulheres foi realizado nessa quinta-feira, 28, em Palmas, o 1\u00baF\u00f3rum de Pol\u00edticas P\u00fablicas para as Mulheres, no Pal\u00e1cio Araguaia Governador Jos\u00e9 Wilson Siqueira Campos. [&hellip;]<\/p>\n","protected":false},"author":2,"featured_media":17300,"comment_status":"open","ping_status":"open","sticky":false,"template":"","format":"standard","meta":[],"categories":[3],"tags":[13],"_links":{"self":[{"href":"https:\/\/dgospel.com.br\/portal\/index.php\/wp-json\/wp\/v2\/posts\/17299"}],"collection":[{"href":"https:\/\/dgospel.com.br\/portal\/index.php\/wp-json\/wp\/v2\/posts"}],"about":[{"href":"https:\/\/dgospel.com.br\/portal\/index.php\/wp-json\/wp\/v2\/types\/post"}],"author":[{"embeddable":true,"href":"https:\/\/dgospel.com.br\/portal\/index.php\/wp-json\/wp\/v2\/users\/2"}],"replies":[{"embeddable":true,"href":"https:\/\/dgospel.com.br\/portal\/index.php\/wp-json\/wp\/v2\/comments?post=17299"}],"version-history":[{"count":1,"href":"https:\/\/dgospel.com.br\/portal\/index.php\/wp-json\/wp\/v2\/posts\/17299\/revisions"}],"predecessor-version":[{"id":17301,"href":"https:\/\/dgospel.com.br\/portal\/index.php\/wp-json\/wp\/v2\/posts\/17299\/revisions\/17301"}],"wp:featuredmedia":[{"embeddable":true,"href":"https:\/\/dgospel.com.br\/portal\/index.php\/wp-json\/wp\/v2\/media\/17300"}],"wp:attachment":[{"href":"https:\/\/dgospel.com.br\/portal\/index.php\/wp-json\/wp\/v2\/media?parent=17299"}],"wp:term":[{"taxonomy":"category","embeddable":true,"href":"https:\/\/dgospel.com.br\/portal\/index.php\/wp-json\/wp\/v2\/categories?post=17299"},{"taxonomy":"post_tag","embeddable":true,"href":"https:\/\/dgospel.com.br\/portal\/index.php\/wp-json\/wp\/v2\/tags?post=17299"}],"curies":[{"name":"wp","href":"https:\/\/api.w.org\/{rel}","templated":true}]}}