{"id":1730,"date":"2018-10-31T10:37:56","date_gmt":"2018-10-31T12:37:56","guid":{"rendered":"http:\/\/dgospel.com.br\/portal\/?p=1730"},"modified":"2018-10-31T10:37:56","modified_gmt":"2018-10-31T12:37:56","slug":"mauro-carlesse-e-membros-da-acipa-discutem-alternativas-de-geracao-de-emprego-e-desenvolvimento","status":"publish","type":"post","link":"https:\/\/dgospel.com.br\/portal\/index.php\/2018\/10\/31\/mauro-carlesse-e-membros-da-acipa-discutem-alternativas-de-geracao-de-emprego-e-desenvolvimento\/","title":{"rendered":"Mauro Carlesse e membros da Acipa discutem alternativas de gera\u00e7\u00e3o de emprego e desenvolvimento"},"content":{"rendered":"<p>O governador Mauro Carlesse recebeu, no in\u00edcio da noite desta ter\u00e7a-feira, 30, membros da atual diretoria da Associa\u00e7\u00e3o Comercial e Industrial de Palmas (Acipa) e tamb\u00e9m os candidatos que comp\u00f5em a chapa \u00fanica que disputar\u00e1 a elei\u00e7\u00e3o da institui\u00e7\u00e3o no pr\u00f3ximo m\u00eas. Cerca de 20 empres\u00e1rios integravam a comitiva liderada pelo atual presidente Fabiano do Vale e pelo empres\u00e1rio Joseph Madeira, que dever\u00e1 assumir o comando da associa\u00e7\u00e3o. Com Mauro Carlesse, tamb\u00e9m participaram da reuni\u00e3o o vice-governador Wanderlei Barbosa e os deputados Olyntho Neto, Cleiton Cardoso e Vilmar de Oliveira.<\/p>\n<p>\u201cViemos parabenizar o governador pela sua vit\u00f3ria, nos colocar \u00e0 disposi\u00e7\u00e3o para colaborar com a gest\u00e3o e dizer que estamos esperan\u00e7osos de que ser\u00e1 um per\u00edodo positivo para o Tocantins\u201d, declarou Joseph Madeira.<\/p>\n<p>O governador Mauro Carlesse destacou sua inten\u00e7\u00e3o de administrar o Estado em parceria com a iniciativa privada, visando a cria\u00e7\u00e3o de empregos formais e a gera\u00e7\u00e3o de oportunidades. Segundo o governador, seu objetivo \u00e9 que\u00a0n\u00e3o mais o Governo seja o maior empregador do Tocantins, e\u00a0sim\u00a0as empresas. \u201cA alternativa que temos para o Estado crescer \u00e9 com a gera\u00e7\u00e3o de empregos na iniciativa privada. Quero que a gente caminhe junto, por isso meu gabinete estar\u00e1 sempre de portas abertas para os empres\u00e1rios que querem ajudar o Tocantins a crescer\u201d, disse<\/p>\n<p>Mauro Carlesse explicou que tem implementado medidas objetivando a redu\u00e7\u00e3o de despesas, tanto de custeio da m\u00e1quina p\u00fablica\u00a0quanto de gasto com pessoal. O governador relembrou a redu\u00e7\u00e3o de 3% no custo da folha de pagamento entre abril e agosto. \u201cMas precisamos reduzir ainda mais e precisamos enquadrar o Estado na Lei de Responsabilidade Fiscal, para que possamos receber os recursos que ser\u00e3o investidos em obras, que v\u00e3o gerar empregos e promover o desenvolvimento\u201d, destacou.<\/p>\n<p>Os empres\u00e1rios apresentaram demandas como solicita\u00e7\u00e3o de apoio para realiza\u00e7\u00e3o da Feira de Neg\u00f3cios de Palmas (FenePalmas), mas principalmente o pedido para que seja revista a cobran\u00e7a do diferencial de al\u00edquota do ICMS, implantada em gest\u00f5es passadas, e que, segundo os empres\u00e1rios, tem inviabilizado pequenos neg\u00f3cios e tamb\u00e9m a aquisi\u00e7\u00e3o de produtos dentro do Estado. O governador respondeu, aos empres\u00e1rios, dizendo que tem a inten\u00e7\u00e3o de rever alguns pontos da carga tribut\u00e1ria do Estado, mas ponderou que primeiro precisa equilibrar as contas do Governo. \u201cEstamos fazendo um grande esfor\u00e7o e j\u00e1 estamos reduzindo despesas, mas ao mesmo tempo trabalhando para manter o Estado funcionando, pagando os compromissos, mas cortando gastos para equilibrar as contas e enquadrar o Estado. Assim que as contas estiverem ajustadas, vamos discutir essa situa\u00e7\u00e3o da carga tribut\u00e1ria\u201d, afirmou o governador.<\/p>\n<p>Por fim, Mauro Carlesse\u00a0tamb\u00e9m conheceu o projeto de constru\u00e7\u00e3o do Shopping do Autom\u00f3vel e\u00a0avaliou ser uma proposta interessante,\u00a0que precisa passar por estudos de viabilidade e legalidade para, enfim, ser executada.<\/p>\n","protected":false},"excerpt":{"rendered":"<p>O governador Mauro Carlesse recebeu, no in\u00edcio da noite desta ter\u00e7a-feira, 30, membros da atual diretoria da Associa\u00e7\u00e3o Comercial e Industrial de Palmas (Acipa) e tamb\u00e9m os candidatos que comp\u00f5em a chapa \u00fanica que disputar\u00e1 a elei\u00e7\u00e3o da institui\u00e7\u00e3o no pr\u00f3ximo m\u00eas. Cerca de 20 empres\u00e1rios integravam a comitiva liderada pelo atual presidente Fabiano do [&hellip;]<\/p>\n","protected":false},"author":2,"featured_media":1731,"comment_status":"open","ping_status":"open","sticky":false,"template":"","format":"standard","meta":[],"categories":[2,3],"tags":[],"_links":{"self":[{"href":"https:\/\/dgospel.com.br\/portal\/index.php\/wp-json\/wp\/v2\/posts\/1730"}],"collection":[{"href":"https:\/\/dgospel.com.br\/portal\/index.php\/wp-json\/wp\/v2\/posts"}],"about":[{"href":"https:\/\/dgospel.com.br\/portal\/index.php\/wp-json\/wp\/v2\/types\/post"}],"author":[{"embeddable":true,"href":"https:\/\/dgospel.com.br\/portal\/index.php\/wp-json\/wp\/v2\/users\/2"}],"replies":[{"embeddable":true,"href":"https:\/\/dgospel.com.br\/portal\/index.php\/wp-json\/wp\/v2\/comments?post=1730"}],"version-history":[{"count":1,"href":"https:\/\/dgospel.com.br\/portal\/index.php\/wp-json\/wp\/v2\/posts\/1730\/revisions"}],"predecessor-version":[{"id":1732,"href":"https:\/\/dgospel.com.br\/portal\/index.php\/wp-json\/wp\/v2\/posts\/1730\/revisions\/1732"}],"wp:featuredmedia":[{"embeddable":true,"href":"https:\/\/dgospel.com.br\/portal\/index.php\/wp-json\/wp\/v2\/media\/1731"}],"wp:attachment":[{"href":"https:\/\/dgospel.com.br\/portal\/index.php\/wp-json\/wp\/v2\/media?parent=1730"}],"wp:term":[{"taxonomy":"category","embeddable":true,"href":"https:\/\/dgospel.com.br\/portal\/index.php\/wp-json\/wp\/v2\/categories?post=1730"},{"taxonomy":"post_tag","embeddable":true,"href":"https:\/\/dgospel.com.br\/portal\/index.php\/wp-json\/wp\/v2\/tags?post=1730"}],"curies":[{"name":"wp","href":"https:\/\/api.w.org\/{rel}","templated":true}]}}