{"id":17302,"date":"2023-09-29T11:23:41","date_gmt":"2023-09-29T14:23:41","guid":{"rendered":"http:\/\/dgospel.com.br\/portal\/?p=17302"},"modified":"2023-09-29T11:23:42","modified_gmt":"2023-09-29T14:23:42","slug":"vice-governador-laurez-moreira-prestigia-sessao-solene-em-homenagem-aos-35-anos-do-estado-e-ressalta-importancia-de-reconhecer-as-trajetorias-de-luta-pelo-tocantins","status":"publish","type":"post","link":"https:\/\/dgospel.com.br\/portal\/index.php\/2023\/09\/29\/vice-governador-laurez-moreira-prestigia-sessao-solene-em-homenagem-aos-35-anos-do-estado-e-ressalta-importancia-de-reconhecer-as-trajetorias-de-luta-pelo-tocantins\/","title":{"rendered":"Vice-governador Laurez Moreira prestigia sess\u00e3o solene em homenagem aos 35 anos do Estado e ressalta import\u00e2ncia de reconhecer as trajet\u00f3rias de luta pelo Tocantins"},"content":{"rendered":"\n<p>\u201cPrestar homenagem \u00e0s pessoas que t\u00eam hist\u00f3ria e que contribu\u00edram com a evolu\u00e7\u00e3o de um povo \u00e9 fundamental\u201d, destacou o vice-governador do Tocantins, Laurez Moreira, durante a Sess\u00e3o Solene realizada nessa quinta-feira, 28, na Assembleia Legislativa do Tocantins, em homenagem ao Estado, que completa 35 anos no pr\u00f3ximo dia 5 de outubro.<\/p>\n\n\n\n<p>&nbsp;O Vice-governador representou o governador do Tocantins, Wanderlei Barbosa, que foi indicado pela deputada Vanda Monteiro para receber a homenagem pelo seu legado pol\u00edtico e trabalho que vem desempenhando na condu\u00e7\u00e3o do Estado. \u201c\u00c9 com muita alegria que represento o meu amigo e homenageado, governador Wanderlei Barbosa, esse grande l\u00edder, que tem feito um belo trabalho melhorando a vida dos tocantinenses, fazendo crescer o Estado em suas variadas vertentes. Sem d\u00favidas merece esse reconhecimento\u201d, declarou Laurez Moreira.<\/p>\n\n\n\n<p>&nbsp;\u201cEssa \u00e9 uma justa homenagem pela trajet\u00f3ria pol\u00edtica do nosso Governador e tamb\u00e9m pelo trabalho de excel\u00eancia realizado \u00e0 frente da administra\u00e7\u00e3o do Tocantins\u201d, declarou Vanda Monteiro.<\/p>\n\n\n\n<p>&nbsp;<strong>\u201cTocantins 35 anos\u201d<\/strong><\/p>\n\n\n\n<p>Foram homenageadas e receberam comendas do parlamento, 28 personalidades que participaram da constru\u00e7\u00e3o hist\u00f3rica do Tocantins. Dentre elas, al\u00e9m do governador Wanderlei Barbosa, o ex-governador Jos\u00e9 Wilson Siqueira Campos (in memoriam); o ex-governador Raimundo Nonato Pires do Santos (Raimundo Boi); a ex-deputada Dolores Nunes (in memoriam); o ex-deputado federal Darci Martins Coelho; o ex-senador Vicente de Oliveira; Goiaciara Tavares Cruz (in memoriam); o ex-deputado estadual Jos\u00e9 Eduardo Siqueira Campos; o ex-prefeito de Palmas Fenelon Barbosa Sales; o ex-deputado federal C\u00e9sar Hanna Halum; o poeta Jos\u00e9 Gomes Sobrinho (in memoriam); o ex-prefeito da cidade de Duer\u00e9 Walter da Rocha Moreira; o poeta Zacarias Martins; e o cantor Gen\u00e9sio Sampaio Filho (Gen\u00e9sio Tocantins).<\/p>\n\n\n\n<p>\u00a0A sess\u00e3o solene foi uma iniciativa do deputado estadual Professor J\u00fanior Geo, e, al\u00e9m das homenagens, foi marcada por apresenta\u00e7\u00f5es que colocaram em destaque a riqueza cultural do Tocantins. O grupo S\u00fassia Aur\u00e9, do munic\u00edpio de Santa Rosa do Tocantins, apresentou dan\u00e7as t\u00edpicas. O cantor e compositor Gen\u00e9sio do Tocantins fez a apresenta\u00e7\u00e3o do Hino do Tocantins, de sua autoria.<\/p>\n\n\n\n<p><img src=\"https:\/\/central.to.gov.br\/image\/348895?w=670&amp;h=383\"><\/p>\n\n\n\n<p>Foram homenageadas e receberam comendas do Parlamento 28 personalidades que participaram da constru\u00e7\u00e3o hist\u00f3rica do Tocantins &#8211; Marcos Veloso\/Governo do Tocantins\u00a0<\/p>\n\n\n\n<p><img src=\"https:\/\/central.to.gov.br\/image\/348894?w=670&amp;h=383\"><\/p>\n\n\n\n<p>Apresenta\u00e7\u00e3o cultural do grupo S\u00fassia Aur\u00e9, do munic\u00edpio de Santa Rosa do Tocantins, marcou a sess\u00e3o solene &#8211; Marcos Veloso\/Governo do Tocantins\u00a0<\/p>\n\n\n\n<p><img src=\"https:\/\/central.to.gov.br\/image\/348893?w=670&amp;h=383\"><\/p>\n\n\n\n<p>Sess\u00e3o solene foi uma iniciativa do deputado estadual Professor J\u00fanior Geo &#8211; Marcos Veloso\/Governo do Tocantins\u00a0<\/p>\n\n\n\n<p><img src=\"https:\/\/central.to.gov.br\/image\/348892?w=670&amp;h=383\"><\/p>\n\n\n\n<p>Vice-governador Laurez Moreira ressalta import\u00e2ncia de reconhecer as trajet\u00f3rias de luta pelo Tocantins &#8211; Marcos Veloso\/Governo do Tocantins<\/p>\n","protected":false},"excerpt":{"rendered":"<p>\u201cPrestar homenagem \u00e0s pessoas que t\u00eam hist\u00f3ria e que contribu\u00edram com a evolu\u00e7\u00e3o de um povo \u00e9 fundamental\u201d, destacou o vice-governador do Tocantins, Laurez Moreira, durante a Sess\u00e3o Solene realizada nessa quinta-feira, 28, na Assembleia Legislativa do Tocantins, em homenagem ao Estado, que completa 35 anos no pr\u00f3ximo dia 5 de outubro. &nbsp;O Vice-governador representou [&hellip;]<\/p>\n","protected":false},"author":2,"featured_media":17303,"comment_status":"open","ping_status":"open","sticky":false,"template":"","format":"standard","meta":[],"categories":[3],"tags":[13],"_links":{"self":[{"href":"https:\/\/dgospel.com.br\/portal\/index.php\/wp-json\/wp\/v2\/posts\/17302"}],"collection":[{"href":"https:\/\/dgospel.com.br\/portal\/index.php\/wp-json\/wp\/v2\/posts"}],"about":[{"href":"https:\/\/dgospel.com.br\/portal\/index.php\/wp-json\/wp\/v2\/types\/post"}],"author":[{"embeddable":true,"href":"https:\/\/dgospel.com.br\/portal\/index.php\/wp-json\/wp\/v2\/users\/2"}],"replies":[{"embeddable":true,"href":"https:\/\/dgospel.com.br\/portal\/index.php\/wp-json\/wp\/v2\/comments?post=17302"}],"version-history":[{"count":1,"href":"https:\/\/dgospel.com.br\/portal\/index.php\/wp-json\/wp\/v2\/posts\/17302\/revisions"}],"predecessor-version":[{"id":17304,"href":"https:\/\/dgospel.com.br\/portal\/index.php\/wp-json\/wp\/v2\/posts\/17302\/revisions\/17304"}],"wp:featuredmedia":[{"embeddable":true,"href":"https:\/\/dgospel.com.br\/portal\/index.php\/wp-json\/wp\/v2\/media\/17303"}],"wp:attachment":[{"href":"https:\/\/dgospel.com.br\/portal\/index.php\/wp-json\/wp\/v2\/media?parent=17302"}],"wp:term":[{"taxonomy":"category","embeddable":true,"href":"https:\/\/dgospel.com.br\/portal\/index.php\/wp-json\/wp\/v2\/categories?post=17302"},{"taxonomy":"post_tag","embeddable":true,"href":"https:\/\/dgospel.com.br\/portal\/index.php\/wp-json\/wp\/v2\/tags?post=17302"}],"curies":[{"name":"wp","href":"https:\/\/api.w.org\/{rel}","templated":true}]}}