{"id":17316,"date":"2023-10-02T10:38:47","date_gmt":"2023-10-02T13:38:47","guid":{"rendered":"http:\/\/dgospel.com.br\/portal\/?p=17316"},"modified":"2023-10-02T10:38:48","modified_gmt":"2023-10-02T13:38:48","slug":"no-amazonas-setembro-tem-o-maior-numero-de-queimadas-desde-1998","status":"publish","type":"post","link":"https:\/\/dgospel.com.br\/portal\/index.php\/2023\/10\/02\/no-amazonas-setembro-tem-o-maior-numero-de-queimadas-desde-1998\/","title":{"rendered":"No Amazonas, setembro tem o maior n\u00famero de queimadas desde 1998"},"content":{"rendered":"\n<p>Em setembro, o Amazonas contabilizou o segundo maior n\u00famero de queimadas desde 1998, conforme aponta o Instituto Nacional de Pesquisas Espaciais (Inpe). O m\u00eas registrou 6.871 focos de inc\u00eandio, ficando atr\u00e1s apenas de setembro do ano anterior, que teve 8.659 focos.<\/p>\n\n\n\n<p><a href=\"https:\/\/www.assembleia.pr.leg.br\/assembleia-itinerante\/sugestao-de-melhorias-para-sua-cidade\" target=\"_blank\" rel=\"noreferrer noopener\"><\/a><\/p>\n\n\n\n<p>Diante da situa\u00e7\u00e3o cr\u00edtica, o governo estadual decretou emerg\u00eancia ambiental h\u00e1 duas semanas, buscando atenuar os danos causados por desmatamento ilegal e queimadas.<\/p>\n","protected":false},"excerpt":{"rendered":"<p>Em setembro, o Amazonas contabilizou o segundo maior n\u00famero de queimadas desde 1998, conforme aponta o Instituto Nacional de Pesquisas Espaciais (Inpe). O m\u00eas registrou 6.871 focos de inc\u00eandio, ficando atr\u00e1s apenas de setembro do ano anterior, que teve 8.659 focos. Diante da situa\u00e7\u00e3o cr\u00edtica, o governo estadual decretou emerg\u00eancia ambiental h\u00e1 duas semanas, buscando [&hellip;]<\/p>\n","protected":false},"author":2,"featured_media":17317,"comment_status":"open","ping_status":"open","sticky":false,"template":"","format":"standard","meta":[],"categories":[10],"tags":[],"_links":{"self":[{"href":"https:\/\/dgospel.com.br\/portal\/index.php\/wp-json\/wp\/v2\/posts\/17316"}],"collection":[{"href":"https:\/\/dgospel.com.br\/portal\/index.php\/wp-json\/wp\/v2\/posts"}],"about":[{"href":"https:\/\/dgospel.com.br\/portal\/index.php\/wp-json\/wp\/v2\/types\/post"}],"author":[{"embeddable":true,"href":"https:\/\/dgospel.com.br\/portal\/index.php\/wp-json\/wp\/v2\/users\/2"}],"replies":[{"embeddable":true,"href":"https:\/\/dgospel.com.br\/portal\/index.php\/wp-json\/wp\/v2\/comments?post=17316"}],"version-history":[{"count":1,"href":"https:\/\/dgospel.com.br\/portal\/index.php\/wp-json\/wp\/v2\/posts\/17316\/revisions"}],"predecessor-version":[{"id":17318,"href":"https:\/\/dgospel.com.br\/portal\/index.php\/wp-json\/wp\/v2\/posts\/17316\/revisions\/17318"}],"wp:featuredmedia":[{"embeddable":true,"href":"https:\/\/dgospel.com.br\/portal\/index.php\/wp-json\/wp\/v2\/media\/17317"}],"wp:attachment":[{"href":"https:\/\/dgospel.com.br\/portal\/index.php\/wp-json\/wp\/v2\/media?parent=17316"}],"wp:term":[{"taxonomy":"category","embeddable":true,"href":"https:\/\/dgospel.com.br\/portal\/index.php\/wp-json\/wp\/v2\/categories?post=17316"},{"taxonomy":"post_tag","embeddable":true,"href":"https:\/\/dgospel.com.br\/portal\/index.php\/wp-json\/wp\/v2\/tags?post=17316"}],"curies":[{"name":"wp","href":"https:\/\/api.w.org\/{rel}","templated":true}]}}