{"id":17319,"date":"2023-10-02T10:43:25","date_gmt":"2023-10-02T13:43:25","guid":{"rendered":"http:\/\/dgospel.com.br\/portal\/?p=17319"},"modified":"2023-10-02T10:43:27","modified_gmt":"2023-10-02T13:43:27","slug":"deficit-nas-contas-publicas-chega-a-r-79-bilhoes-o-pior-inicio-de-governo-desde-2003","status":"publish","type":"post","link":"https:\/\/dgospel.com.br\/portal\/index.php\/2023\/10\/02\/deficit-nas-contas-publicas-chega-a-r-79-bilhoes-o-pior-inicio-de-governo-desde-2003\/","title":{"rendered":"D\u00e9ficit nas contas p\u00fablicas chega a R$ 79 bilh\u00f5es, o pior in\u00edcio de governo desde 2003"},"content":{"rendered":"\n<p>O setor p\u00fablico consolidado, composto pelo Governo Federal, Previd\u00eancia e Banco Central, acumulou um d\u00e9ficit de R$ 79 bilh\u00f5es nos primeiros oito meses de 2023. Para colocar em perspectiva,\u00a0<strong>no mesmo per\u00edodo de 2022, as contas apresentaram um super\u00e1vit robusto de R$ 120 bilh\u00f5es<\/strong>, conforme informa\u00e7\u00f5es divulgadas pelo Banco Central nesta sexta-feira (29).<a rel=\"noreferrer noopener\" href=\"https:\/\/www.assembleia.pr.leg.br\/assembleia-itinerante\/sugestao-de-melhorias-para-sua-cidade\" target=\"_blank\"><\/a><\/p>\n\n\n\n<p>Em agosto, o saldo foi negativo em R$ 22,8 bilh\u00f5es, uma melhora se comparado ao d\u00e9ficit de R$ 30,3 bilh\u00f5es registrado em agosto do ano anterior. Entretanto, o principal impacto para as cifras vermelhas veio do governo central \u2013 englobando Tesouro Nacional, Previd\u00eancia Social e Banco Central \u2013 que registrou um d\u00e9ficit de R$ 26,2 bilh\u00f5es.<\/p>\n","protected":false},"excerpt":{"rendered":"<p>O setor p\u00fablico consolidado, composto pelo Governo Federal, Previd\u00eancia e Banco Central, acumulou um d\u00e9ficit de R$ 79 bilh\u00f5es nos primeiros oito meses de 2023. Para colocar em perspectiva,\u00a0no mesmo per\u00edodo de 2022, as contas apresentaram um super\u00e1vit robusto de R$ 120 bilh\u00f5es, conforme informa\u00e7\u00f5es divulgadas pelo Banco Central nesta sexta-feira (29). Em agosto, o [&hellip;]<\/p>\n","protected":false},"author":2,"featured_media":17320,"comment_status":"open","ping_status":"open","sticky":false,"template":"","format":"standard","meta":[],"categories":[4],"tags":[13],"_links":{"self":[{"href":"https:\/\/dgospel.com.br\/portal\/index.php\/wp-json\/wp\/v2\/posts\/17319"}],"collection":[{"href":"https:\/\/dgospel.com.br\/portal\/index.php\/wp-json\/wp\/v2\/posts"}],"about":[{"href":"https:\/\/dgospel.com.br\/portal\/index.php\/wp-json\/wp\/v2\/types\/post"}],"author":[{"embeddable":true,"href":"https:\/\/dgospel.com.br\/portal\/index.php\/wp-json\/wp\/v2\/users\/2"}],"replies":[{"embeddable":true,"href":"https:\/\/dgospel.com.br\/portal\/index.php\/wp-json\/wp\/v2\/comments?post=17319"}],"version-history":[{"count":1,"href":"https:\/\/dgospel.com.br\/portal\/index.php\/wp-json\/wp\/v2\/posts\/17319\/revisions"}],"predecessor-version":[{"id":17321,"href":"https:\/\/dgospel.com.br\/portal\/index.php\/wp-json\/wp\/v2\/posts\/17319\/revisions\/17321"}],"wp:featuredmedia":[{"embeddable":true,"href":"https:\/\/dgospel.com.br\/portal\/index.php\/wp-json\/wp\/v2\/media\/17320"}],"wp:attachment":[{"href":"https:\/\/dgospel.com.br\/portal\/index.php\/wp-json\/wp\/v2\/media?parent=17319"}],"wp:term":[{"taxonomy":"category","embeddable":true,"href":"https:\/\/dgospel.com.br\/portal\/index.php\/wp-json\/wp\/v2\/categories?post=17319"},{"taxonomy":"post_tag","embeddable":true,"href":"https:\/\/dgospel.com.br\/portal\/index.php\/wp-json\/wp\/v2\/tags?post=17319"}],"curies":[{"name":"wp","href":"https:\/\/api.w.org\/{rel}","templated":true}]}}