{"id":17326,"date":"2023-10-03T11:54:40","date_gmt":"2023-10-03T14:54:40","guid":{"rendered":"http:\/\/dgospel.com.br\/portal\/?p=17326"},"modified":"2023-10-03T11:54:42","modified_gmt":"2023-10-03T14:54:42","slug":"sessao-solene-em-homenagem-ao-tocantins-no-senado-tem-o-brilho-do-capim-dourado","status":"publish","type":"post","link":"https:\/\/dgospel.com.br\/portal\/index.php\/2023\/10\/03\/sessao-solene-em-homenagem-ao-tocantins-no-senado-tem-o-brilho-do-capim-dourado\/","title":{"rendered":"Sess\u00e3o solene em homenagem ao Tocantins no Senado tem o brilho do capim dourado"},"content":{"rendered":"\n<p>A manh\u00e3 desta segunda-feira, 2, foi marcada por uma sess\u00e3o solene conjunta no Plen\u00e1rio da C\u00e2mara dos Deputados em uma homenagem aos 35 anos do Tocantins e a personagens que marcaram a hist\u00f3ria da cria\u00e7\u00e3o do Estado, que tem seu anivers\u00e1rio celebrado oficialmente em 5 de outubro.<\/p>\n\n\n\n<p>A sess\u00e3o solene foi requerida pela senadora Professora Dorinha Seabra, o senador Eduardo Gomes e o deputado federal Ricardo Ayres, como forma de celebrar o anivers\u00e1rio da cria\u00e7\u00e3o do Estado. Estiveram presentes na solenidade o governador do Tocantins Wanderlei Barbosa, o chefe da Casa Civil, Deocleciano Gomes, senadores, deputados federais, secret\u00e1rios de Estado, prefeitos, vereadores, entre outras autoridades e pessoas como o economista tocantinense C\u00e9lio Costa, autor do estudo de viabilidade econ\u00f4mica que refor\u00e7ou e embasou a defesa de divis\u00e3o de Goi\u00e1s.<\/p>\n\n\n\n<p>Ap\u00f3s o evento, que teve in\u00edcio \u00e0s 10 horas, foram desfilados no Congresso Nacional os cinco vestidos feitos em capim dourado pelo estilista Luiz Fernando Carvalho, com o apoio do Governo do Tocantins, por meio da Secretaria da Cultura (Secult), como parte do encerramento da exposi\u00e7\u00e3o Tocantins 35 anos. As pe\u00e7as desfiladas foram oficialmente entregues ao Governo do Tocantins no dia 20 de setembro e pertencem ao patrim\u00f4nio cultural da Secult. A primeira vez que foram apresentadas ao p\u00fablico se deu durante a programa\u00e7\u00e3o da tradicional Festa da Colheita do capim dourado, que aconteceu no povoado Mumbuca, no munic\u00edpio de Mateiros, na regi\u00e3o do Jalap\u00e3o, entre os dias 15 e 17 de setembro.<\/p>\n\n\n\n<p>Presidente da sess\u00e3o solene, a senadora Professora Dorinha Seabra abriu os pronunciamentos ao relembrar a hist\u00f3ria da forma\u00e7\u00e3o do Tocantins e comentar sobre o atual cen\u00e1rio do Estado.<\/p>\n\n\n\n<p>&#8220;A experi\u00eancia de cria\u00e7\u00e3o e desenvolvimento do Estado do Tocantins \u00e9 um case de sucesso. Nossa voca\u00e7\u00e3o agroindustrial deu bons frutos. Somos atualmente refer\u00eancia na exporta\u00e7\u00e3o de soja e carne bovina. Tamb\u00e9m produzimos e exportamos milho, arroz, abacaxi. Temos um setor mineral forte e bastante promissor. Contamos com uma vibrante constru\u00e7\u00e3o civil, que impulsiona tamb\u00e9m os setores de gera\u00e7\u00e3o de energia el\u00e9trica e tratamento de \u00e1gua. Por estarmos na regi\u00e3o da Amaz\u00f4nia Legal temos um olhar atento as quest\u00f5es ambientais, que s\u00e3o cada dia mais urgentes e relevantes, destacando o Tocantins a frente de todos os demais estados dessa na\u00e7\u00e3o&#8221;, disse.<\/p>\n\n\n\n<p>Durante a solenidade, o governador Wanderlei Barbosa, falou sobre o princ\u00edpio do Estado e as lutas para sua cria\u00e7\u00e3o, relembrando tamb\u00e9m de outros governadores que fizeram parte da hist\u00f3ria da unidade federativa.<\/p>\n\n\n\n<p>&#8220;O nosso Tocantins evoluiu e deu oportunidade para muita gente oriunda de todo o Brasil. As pessoas foram acomodadas pelo poder p\u00fablico, mas principalmente pelas cidades. A cidade de Palmas e as demais cidades tocantinenses&#8221;, disse e refor\u00e7ou a import\u00e2ncia de tantos personagens que lutaram pelo Estado, reafirmando que o ex-governador Jos\u00e9 Wilson Siqueira Campos foi o grande l\u00edder da fase que culminou com a divis\u00e3o de Goi\u00e1s e nascimento do Tocantins. Lembrou que sua fam\u00edlia tamb\u00e9m faz parte dessa hist\u00f3ria, a exemplo do pai Fenelon Barbosa \u2013 primeiro prefeito de Palmas -, sua m\u00e3e Maria Rosa e dele pr\u00f3prio, que ainda jovem empunhou a bandeira de cria\u00e7\u00e3o do Estado.<\/p>\n\n\n\n<p><strong>Ouro do Cerrado<\/strong><\/p>\n\n\n\n<p>Todos os vestidos desfilados foram criados de forma a ressaltar e respeitar a beleza do povo tocantinense, sendo produzidos em um tecido dourado, embelezado com bordados que trazem pe\u00e7as criadas a partir de 17 quilos de capim dourado, uma das principais mat\u00e9rias-primas do artesanato local e uma das 12 indica\u00e7\u00f5es geogr\u00e1ficas do artesanato brasileiro.<\/p>\n\n\n\n<p>Railane Ribeiro \u00e9 a presidente da Associa\u00e7\u00e3o dos Artes\u00e3os e Extrativismo do Povoado Mumbuca e falou sobre a import\u00e2ncia do capim dourado para a comunidade. &#8220;Tirando Deus no c\u00e9u, na Terra o capim dourado \u00e9 o bem mais precioso na comunidade Mumbuca, que revelou para o mundo essa arte e hoje ele est\u00e1 no Tocantins inteiro, levando n\u00e3o s\u00f3 o Jalap\u00e3o, mas o Estado para fora. Exemplo disso s\u00e3o as meninas participando aqui hoje. Para n\u00f3s o capim dourado \u00e9 vida, \u00e9 economia, \u00e9 muita cultura e hist\u00f3ria, uma tradi\u00e7\u00e3o e um legado&#8221;, disse.<\/p>\n\n\n\n<p>As pe\u00e7as foram desfiladas por modelos nativas do Estado, que vieram do povoado Mumbuca para apresentarem os vestidos no Congresso. As modelos tamb\u00e9m desempenharam um trabalho crucial na cria\u00e7\u00e3o de cada um, sendo envolvidas pelo estilista respons\u00e1vel no processo de bordar.<\/p>\n\n\n\n<p>Segundo Luiz Fernando, que \u00e9 natural do munic\u00edpio de Guara\u00ed e ficou imerso no povoado durante parte do processo de cria\u00e7\u00e3o, uma das maiores preocupa\u00e7\u00f5es que teve foi promover a representatividade e envolver a comunidade no seu desenvolvimento.<\/p>\n\n\n\n<p>&#8220;Desde o in\u00edcio uma coisa que veio muito forte em mim era que a comunidade participasse disso, estivesse envolvida. Ent\u00e3o durante o processo eu pensei que precisava estar junto da comunidade para que eles pudessem participar de verdade. Para mim foi muito gratificante ver que eles abra\u00e7aram esse projeto. Acredito que com todo amor, com toda expectativa e todo o empenho a gente obteve esse resultado incr\u00edvel&#8221;, falou o estilista, que disse se sentir grato e honrado com a apresenta\u00e7\u00e3o dos vestidos no Congresso Nacional.<\/p>\n\n\n\n<p>O mesmo sentimento foi descrito pela modelo jalapoeira Taiza Pereira Rodrigues, de 17 anos. &#8220;Para mim foi um orgulho. Conhecer o Congresso era um sonho. Me senti muito orgulhosa de estar l\u00e1, representando o quilombo Mumbuca, atrav\u00e9s do capim dourado e da moda&#8221;.<\/p>\n\n\n\n<p><strong>Homenagens<\/strong><\/p>\n\n\n\n<p>Como forma de celebrar os 35 anos do Tocantins, marcando tr\u00eas d\u00e9cadas e meia de sua cria\u00e7\u00e3o, foram homenageadas figuras que desempenharam um trabalho essencial para a cria\u00e7\u00e3o do Estado, como o ex-governador Siqueira Campos, representado pelos filhos Francisco e Eduardo Siqueira Campos e pela amiga e ex-auxiliar K\u00e1tia Rocha.<\/p>\n\n\n\n<p>Na solenidade, o ex-senador Eduardo Siqueira Campos, ressaltou o papel de seu pai na forma\u00e7\u00e3o do Estado e prestou seus cumprimentos aos tocantinenses e \u00e0 cultura, atrav\u00e9s do cantor Gen\u00e9sio Tocantins, que na ocasi\u00e3o executou o Hino ao Tocantins, composto durante a cria\u00e7\u00e3o da unidade federativa. &#8220;Quero saudar os tocantinenses na pessoa de Gen\u00e9sio, autor do mais popular hino do Tocantins&#8221;, disse.<\/p>\n\n\n\n<p>Para o secret\u00e1rio da Cultura, Ti\u00e3o Pinheiro, um dos pioneiros do Estado, o Tocantins resulta de v\u00e1rias hist\u00f3rias e pessoas que desempenharam importantes pap\u00e9is para sua cria\u00e7\u00e3o. \u201cCelebrar um Tocantins sonhado e lutado por tantos \u00e9 um privil\u00e9gio e alegria de todos. Uma hist\u00f3ria longa e linda constru\u00edda a partir do s\u00e9culo XIX e da qual muitos personagens fizeram e fazem parte, culminando com a promulga\u00e7\u00e3o da Constitui\u00e7\u00e3o Cidad\u00e3 de 1988, sob o comando do ent\u00e3o deputado federal e depois Governador Siqueira Campos. Ver hoje o governador Wanderlei Barbosa comandando uma gest\u00e3o que tem tamb\u00e9m o cuidado de reconhecer o valor de todos \u00e9 muito bom\u201d.<\/p>\n\n\n\n<p><strong>Exposi\u00e7\u00e3o pelos 35 anos<\/strong><\/p>\n\n\n\n<p>Aberta para visita\u00e7\u00e3o entre os dias 25 de setembro e 2 de outubro, a exposi\u00e7\u00e3o Tocantins 35 anos encerra seu per\u00edodo de exibi\u00e7\u00e3o nesta segunda-feira, 2, no Sal\u00e3o Negro no Congresso Nacional.<\/p>\n\n\n\n<p>Parte da programa\u00e7\u00e3o de anivers\u00e1rio, a exposi\u00e7\u00e3o \u00e9 uma realiza\u00e7\u00e3o do Governo do Tocantins por meio da Secretaria Extraordin\u00e1ria de Representa\u00e7\u00e3o em Bras\u00edlia (Serb) e da Secretaria Estadual da Comunica\u00e7\u00e3o (Secom), com coordena\u00e7\u00e3o da Casa Civil, em parceria com a senadora Professora Dorinha Seabra. Seu intuito foi trazer a trajet\u00f3ria da cria\u00e7\u00e3o do Tocantins, com pain\u00e9is e elementos ilustrativos sobre a cultura, o turismo, a economia e o meio ambiente de um Estado com uma hist\u00f3ria rica em resist\u00eancia, natureza exuberante e cultura diversa.\u00a0<img src=\"https:\/\/central.to.gov.br\/image\/349484?w=670&amp;h=383\"><\/p>\n\n\n\n<p>A sess\u00e3o solene celebrou os 35 anos do Estado e relembrou importantes nomes da sua hist\u00f3ria &#8211; Ag\u00eancia Senado\u00a0<img src=\"https:\/\/central.to.gov.br\/image\/349483?w=670&amp;h=383\"><\/p>\n\n\n\n<p>Os cinco vestidos foram produzidos pelo estilista Luiz Fernando Carvalho, com o apoio do Governo do Tocantins, por meio da Secult, e fazem parte do patrim\u00f4nio cultural da pasta &#8211; Ag\u00eancia Senado<\/p>\n","protected":false},"excerpt":{"rendered":"<p>A manh\u00e3 desta segunda-feira, 2, foi marcada por uma sess\u00e3o solene conjunta no Plen\u00e1rio da C\u00e2mara dos Deputados em uma homenagem aos 35 anos do Tocantins e a personagens que marcaram a hist\u00f3ria da cria\u00e7\u00e3o do Estado, que tem seu anivers\u00e1rio celebrado oficialmente em 5 de outubro. A sess\u00e3o solene foi requerida pela senadora Professora [&hellip;]<\/p>\n","protected":false},"author":2,"featured_media":17327,"comment_status":"open","ping_status":"open","sticky":false,"template":"","format":"standard","meta":[],"categories":[3],"tags":[13],"_links":{"self":[{"href":"https:\/\/dgospel.com.br\/portal\/index.php\/wp-json\/wp\/v2\/posts\/17326"}],"collection":[{"href":"https:\/\/dgospel.com.br\/portal\/index.php\/wp-json\/wp\/v2\/posts"}],"about":[{"href":"https:\/\/dgospel.com.br\/portal\/index.php\/wp-json\/wp\/v2\/types\/post"}],"author":[{"embeddable":true,"href":"https:\/\/dgospel.com.br\/portal\/index.php\/wp-json\/wp\/v2\/users\/2"}],"replies":[{"embeddable":true,"href":"https:\/\/dgospel.com.br\/portal\/index.php\/wp-json\/wp\/v2\/comments?post=17326"}],"version-history":[{"count":1,"href":"https:\/\/dgospel.com.br\/portal\/index.php\/wp-json\/wp\/v2\/posts\/17326\/revisions"}],"predecessor-version":[{"id":17328,"href":"https:\/\/dgospel.com.br\/portal\/index.php\/wp-json\/wp\/v2\/posts\/17326\/revisions\/17328"}],"wp:featuredmedia":[{"embeddable":true,"href":"https:\/\/dgospel.com.br\/portal\/index.php\/wp-json\/wp\/v2\/media\/17327"}],"wp:attachment":[{"href":"https:\/\/dgospel.com.br\/portal\/index.php\/wp-json\/wp\/v2\/media?parent=17326"}],"wp:term":[{"taxonomy":"category","embeddable":true,"href":"https:\/\/dgospel.com.br\/portal\/index.php\/wp-json\/wp\/v2\/categories?post=17326"},{"taxonomy":"post_tag","embeddable":true,"href":"https:\/\/dgospel.com.br\/portal\/index.php\/wp-json\/wp\/v2\/tags?post=17326"}],"curies":[{"name":"wp","href":"https:\/\/api.w.org\/{rel}","templated":true}]}}