{"id":17329,"date":"2023-10-03T11:57:51","date_gmt":"2023-10-03T14:57:51","guid":{"rendered":"http:\/\/dgospel.com.br\/portal\/?p=17329"},"modified":"2023-10-03T11:57:52","modified_gmt":"2023-10-03T14:57:52","slug":"em-brasilia-governador-wanderlei-barbosa-garante-dois-novos-helicopteros-para-reforco-da-seguranca-publica-do-tocantins","status":"publish","type":"post","link":"https:\/\/dgospel.com.br\/portal\/index.php\/2023\/10\/03\/em-brasilia-governador-wanderlei-barbosa-garante-dois-novos-helicopteros-para-reforco-da-seguranca-publica-do-tocantins\/","title":{"rendered":"Em Bras\u00edlia, governador Wanderlei Barbosa garante dois novos helic\u00f3pteros para refor\u00e7o da seguran\u00e7a p\u00fablica do Tocantins"},"content":{"rendered":"\n<p>O governador Wanderlei Barbosa foi recebido pelo ministro da Justi\u00e7a e Seguran\u00e7a P\u00fablica (MJSP), Fl\u00e1vio Dino, e pelo secret\u00e1rio Nacional de Seguran\u00e7a P\u00fablica, Tadeu Francisco, para discutir o refor\u00e7o da infraestrutura das for\u00e7as policiais do Estado. Durante a reuni\u00e3o realizada nessa segunda-feira, 2, foi confirmada a disponibiliza\u00e7\u00e3o de dois novos helic\u00f3pteros para fortalecer a infraestrutura de seguran\u00e7a no Tocantins.<\/p>\n\n\n\n<p>Com o esfor\u00e7o do governador Wanderlei Barbosa, os helic\u00f3pteros ser\u00e3o disponibilizados sem comprometer os recursos do Fundo Nacional de Seguran\u00e7a P\u00fablica, aos quais o Governo do Tocantins j\u00e1 tem direito. &#8220;Estamos realizando um trabalho estruturante em nossa seguran\u00e7a p\u00fablica, abordando as ra\u00edzes dos problemas e apresentando solu\u00e7\u00f5es eficazes. Temos demonstrado isso ao ministro Fl\u00e1vio Dino, e a seriedade do nosso trabalho nos garantiu novos investimentos do Minist\u00e9rio&#8221;, afirmou.<\/p>\n\n\n\n<p>O coronel M\u00e1rcio Antonio Barbosa esclareceu que o MJSP e o Governo do Tocantins avaliar\u00e3o se os helic\u00f3pteros ser\u00e3o adquiridos ou alugados, mas os recursos est\u00e3o garantidos independentemente da forma como ser\u00e3o operacionalizados. &#8220;O governador Wanderlei Barbosa vem trabalhando nesse pedido h\u00e1 algum tempo, v\u00e1rias etapas t\u00e9cnicas j\u00e1 foram conclu\u00eddas e, com o refor\u00e7o realizado hoje, sa\u00edmos daqui com o compromisso do ministro Fl\u00e1vio Dino em nos atender&#8221;, ressaltou.<\/p>\n\n\n\n<p>A audi\u00eancia foi agendada pelo deputado federal Ricardo Ayres e contou com a presen\u00e7a da senadora Professora Dorinha; do comandante-geral da Pol\u00edcia Militar do Tocantins, coronel M\u00e1rcio Barbosa; do secret\u00e1rio da Casa Civil, Deocleciano Gomes Filho; do secret\u00e1rio Extraordin\u00e1rio de Representa\u00e7\u00e3o em Bras\u00edlia, Carlos Manzini; do procurador-geral do Tocantins, Kledston Moura; e do subprocurador em Bras\u00edlia, Frederico Dutra.<\/p>\n\n\n\n<p><strong>Fundo Nacional de Seguran\u00e7a P\u00fablica<\/strong><\/p>\n\n\n\n<p>O Fundo Nacional de Seguran\u00e7a P\u00fablica foi anunciado em julho pelo Governo Federal, para que os estados possam investir em a\u00e7\u00f5es priorit\u00e1rias em tr\u00eas \u00e1reas: redu\u00e7\u00e3o de mortes violentas e intencionais, enfrentamento da viol\u00eancia contra a mulher e melhoria da qualidade de vida dos profissionais de seguran\u00e7a p\u00fablica. Para o Tocantins, foram destinados R$ 35.334.706,89, a serem pagos entre agosto e dezembro deste ano.<\/p>\n\n\n\n<p><img src=\"https:\/\/central.to.gov.br\/image\/349510?w=670&amp;h=383\"><\/p>\n\n\n\n<p>Na reuni\u00e3o ficou decidido que o MJSP e o Governo do Tocantins avaliar\u00e3o se os helic\u00f3pteros ser\u00e3o adquiridos ou alugados, mas os recursos est\u00e3o garantidos &#8211; Vin\u00edcius Santa Rosa\/Governo do Tocantins<\/p>\n\n\n\n<p><img src=\"https:\/\/central.to.gov.br\/image\/349508?w=670&amp;h=383\"><\/p>\n\n\n\n<p>Esfor\u00e7o do governador Wanderlei Barbosa garantiu a disponibiliza\u00e7\u00e3o de dois helic\u00f3pteros sem comprometer os recursos do Fundo Nacional de Seguran\u00e7a P\u00fablica, j\u00e1 garantidos ao Tocantins &#8211; Vin\u00edcius Santa Rosa\/Governo do Tocantins\u00a0<\/p>\n\n\n\n<p><img src=\"https:\/\/central.to.gov.br\/image\/349512?w=670&amp;h=383\"><\/p>\n\n\n\n<p>Governador Wanderlei Barbosa e o ministro Fl\u00e1vio Dino se reuniram nessa segunda-feira, 2, em Bras\u00edlia &#8211; Vin\u00edcius Santa Rosa\/Governo do Tocantins&nbsp;<a href=\"https:\/\/central.to.gov.br\/image\/349512?f=1\" target=\"_blank\" rel=\"noreferrer noopener\"><em>f<\/em><\/a><\/p>\n","protected":false},"excerpt":{"rendered":"<p>O governador Wanderlei Barbosa foi recebido pelo ministro da Justi\u00e7a e Seguran\u00e7a P\u00fablica (MJSP), Fl\u00e1vio Dino, e pelo secret\u00e1rio Nacional de Seguran\u00e7a P\u00fablica, Tadeu Francisco, para discutir o refor\u00e7o da infraestrutura das for\u00e7as policiais do Estado. Durante a reuni\u00e3o realizada nessa segunda-feira, 2, foi confirmada a disponibiliza\u00e7\u00e3o de dois novos helic\u00f3pteros para fortalecer a infraestrutura [&hellip;]<\/p>\n","protected":false},"author":2,"featured_media":17330,"comment_status":"open","ping_status":"open","sticky":false,"template":"","format":"standard","meta":[],"categories":[3],"tags":[13],"_links":{"self":[{"href":"https:\/\/dgospel.com.br\/portal\/index.php\/wp-json\/wp\/v2\/posts\/17329"}],"collection":[{"href":"https:\/\/dgospel.com.br\/portal\/index.php\/wp-json\/wp\/v2\/posts"}],"about":[{"href":"https:\/\/dgospel.com.br\/portal\/index.php\/wp-json\/wp\/v2\/types\/post"}],"author":[{"embeddable":true,"href":"https:\/\/dgospel.com.br\/portal\/index.php\/wp-json\/wp\/v2\/users\/2"}],"replies":[{"embeddable":true,"href":"https:\/\/dgospel.com.br\/portal\/index.php\/wp-json\/wp\/v2\/comments?post=17329"}],"version-history":[{"count":1,"href":"https:\/\/dgospel.com.br\/portal\/index.php\/wp-json\/wp\/v2\/posts\/17329\/revisions"}],"predecessor-version":[{"id":17331,"href":"https:\/\/dgospel.com.br\/portal\/index.php\/wp-json\/wp\/v2\/posts\/17329\/revisions\/17331"}],"wp:featuredmedia":[{"embeddable":true,"href":"https:\/\/dgospel.com.br\/portal\/index.php\/wp-json\/wp\/v2\/media\/17330"}],"wp:attachment":[{"href":"https:\/\/dgospel.com.br\/portal\/index.php\/wp-json\/wp\/v2\/media?parent=17329"}],"wp:term":[{"taxonomy":"category","embeddable":true,"href":"https:\/\/dgospel.com.br\/portal\/index.php\/wp-json\/wp\/v2\/categories?post=17329"},{"taxonomy":"post_tag","embeddable":true,"href":"https:\/\/dgospel.com.br\/portal\/index.php\/wp-json\/wp\/v2\/tags?post=17329"}],"curies":[{"name":"wp","href":"https:\/\/api.w.org\/{rel}","templated":true}]}}