{"id":1733,"date":"2018-10-31T11:04:48","date_gmt":"2018-10-31T13:04:48","guid":{"rendered":"http:\/\/dgospel.com.br\/portal\/?p=1733"},"modified":"2018-10-31T11:04:48","modified_gmt":"2018-10-31T13:04:48","slug":"bolsonaro-diz-em-culto-nao-sou-o-mais-capacitado-mas-deus-capacita-os-escolhidos","status":"publish","type":"post","link":"https:\/\/dgospel.com.br\/portal\/index.php\/2018\/10\/31\/bolsonaro-diz-em-culto-nao-sou-o-mais-capacitado-mas-deus-capacita-os-escolhidos\/","title":{"rendered":"Bolsonaro diz em culto: \u201cN\u00e3o sou o mais capacitado, mas Deus capacita os escolhidos\u201d"},"content":{"rendered":"<p>O presidente eleito,\u00a0<a href=\"http:\/\/jovempan.uol.com.br\/tag\/jair-bolsonaro\">Jair Bolsonaro<\/a>, do PSL, afirmou ter certeza que n\u00e3o \u00e9 o mais capacitado, mas que Deus capacita os escolhidos. Ele participou, na noite desta ter\u00e7a-feira (31),\u00a0 de um culto evang\u00e9lico, o primeiro ato p\u00fablico ap\u00f3s a\u00a0<a href=\"https:\/\/jovempan.uol.com.br\/eleicoes-2018\/presidenciais\/bolsonaro-derrota-o-projeto-de-poder-do-pt.html\">vit\u00f3ria eleitoral<\/a>\u00a0no \u00faltimo domingo.<\/p>\n<p>Na cerim\u00f4nia, presidida pelo pastor Silas Malafaia na Igreja Assembleia de Deus Vit\u00f3ria em Cristo, no Rio de Janeiro, o futuro presidente da Rep\u00fablica se emocionou ao falar aos fi\u00e9is. Bolsonaro afirmou que recebe uma miss\u00e3o \u201cum tanto quanto complicada\u201d : \u201cQuero agradecer tamb\u00e9m a Deus por essa miss\u00e3o, um tanto quanto complicada, crise \u00e9tica, moral e econ\u00f4mica\u201d.<\/p>\n<p>O presidente eleito tamb\u00e9m revelou que chorou ap\u00f3s o resultado das elei\u00e7\u00f5es. Ele disse que se perguntou se a chegada ao Planalto \u00e9 para ser comemorar ou para pensar \u201ccom mais profundidade sobre o tamanho dos desafios que ter\u00e1 pela frente\u201d.<\/p>\n<p>Bolsonaro analisou\u00a0 que \u201ctinha tudo para n\u00e3o chegar\u201d \u00e0 Presid\u00eancia: \u201cPartido pequeno, sem fundo partid\u00e1rio, 90% da grande m\u00eddia batendo na gente\u201d. No culto, Bolsonaro garantiu que vai ser um governante comprometido com os valores da fam\u00edlia crist\u00e3. O presidente eleito ainda pediu que os fi\u00e9is orem para que ele possa ter uma boa equipe, boas ideias e coragem para tomar decis\u00f5es.<\/p>\n<p>Fonte: jovempan<\/p>\n","protected":false},"excerpt":{"rendered":"<p>O presidente eleito,\u00a0Jair Bolsonaro, do PSL, afirmou ter certeza que n\u00e3o \u00e9 o mais capacitado, mas que Deus capacita os escolhidos. Ele participou, na noite desta ter\u00e7a-feira (31),\u00a0 de um culto evang\u00e9lico, o primeiro ato p\u00fablico ap\u00f3s a\u00a0vit\u00f3ria eleitoral\u00a0no \u00faltimo domingo. Na cerim\u00f4nia, presidida pelo pastor Silas Malafaia na Igreja Assembleia de Deus Vit\u00f3ria em [&hellip;]<\/p>\n","protected":false},"author":2,"featured_media":1734,"comment_status":"open","ping_status":"open","sticky":false,"template":"","format":"standard","meta":[],"categories":[2,5,6],"tags":[],"_links":{"self":[{"href":"https:\/\/dgospel.com.br\/portal\/index.php\/wp-json\/wp\/v2\/posts\/1733"}],"collection":[{"href":"https:\/\/dgospel.com.br\/portal\/index.php\/wp-json\/wp\/v2\/posts"}],"about":[{"href":"https:\/\/dgospel.com.br\/portal\/index.php\/wp-json\/wp\/v2\/types\/post"}],"author":[{"embeddable":true,"href":"https:\/\/dgospel.com.br\/portal\/index.php\/wp-json\/wp\/v2\/users\/2"}],"replies":[{"embeddable":true,"href":"https:\/\/dgospel.com.br\/portal\/index.php\/wp-json\/wp\/v2\/comments?post=1733"}],"version-history":[{"count":1,"href":"https:\/\/dgospel.com.br\/portal\/index.php\/wp-json\/wp\/v2\/posts\/1733\/revisions"}],"predecessor-version":[{"id":1735,"href":"https:\/\/dgospel.com.br\/portal\/index.php\/wp-json\/wp\/v2\/posts\/1733\/revisions\/1735"}],"wp:featuredmedia":[{"embeddable":true,"href":"https:\/\/dgospel.com.br\/portal\/index.php\/wp-json\/wp\/v2\/media\/1734"}],"wp:attachment":[{"href":"https:\/\/dgospel.com.br\/portal\/index.php\/wp-json\/wp\/v2\/media?parent=1733"}],"wp:term":[{"taxonomy":"category","embeddable":true,"href":"https:\/\/dgospel.com.br\/portal\/index.php\/wp-json\/wp\/v2\/categories?post=1733"},{"taxonomy":"post_tag","embeddable":true,"href":"https:\/\/dgospel.com.br\/portal\/index.php\/wp-json\/wp\/v2\/tags?post=1733"}],"curies":[{"name":"wp","href":"https:\/\/api.w.org\/{rel}","templated":true}]}}