{"id":17335,"date":"2023-10-03T13:00:54","date_gmt":"2023-10-03T16:00:54","guid":{"rendered":"http:\/\/dgospel.com.br\/portal\/?p=17335"},"modified":"2023-10-03T13:00:55","modified_gmt":"2023-10-03T16:00:55","slug":"mais-de-1-000-pessoas-sao-batizadas-apos-evangelismo-no-espirito-santo","status":"publish","type":"post","link":"https:\/\/dgospel.com.br\/portal\/index.php\/2023\/10\/03\/mais-de-1-000-pessoas-sao-batizadas-apos-evangelismo-no-espirito-santo\/","title":{"rendered":"Mais de 1.000 pessoas s\u00e3o batizadas ap\u00f3s evangelismo no Esp\u00edrito Santo"},"content":{"rendered":"\n<p>Mais de 1.000 pessoas foram&nbsp;<strong><a href=\"https:\/\/guiame.com.br\/gospel\/testemunhos\/mulher-e-curada-de-depressao-e-decide-ser-batizada-apos-conhecer-ciclistas-cristaos.html\">batizadas ap\u00f3s um evangelismo<\/a><\/strong>&nbsp;durante o m\u00eas de setembro, no Esp\u00edrito Santo.<\/p>\n\n\n\n<p>A salva\u00e7\u00e3o em massa \u00e9 fruto da a\u00e7\u00e3o \u201cBatismo da Primavera\u201d, promovida pela Igreja Adventista no estado.<\/p>\n\n\n\n<p>No \u00faltimo s\u00e1bado (30), Nilda Pereira foi a mil\u00e9sima pessoa batizada em uma cerim\u00f4nia especial, na cidade de S\u00e3o Domingos do Norte.<\/p>\n\n\n\n<p>\u201cMe sinto muito feliz. Hoje \u00e9 o melhor dia da minha vida, um&nbsp;<strong><a href=\"https:\/\/guiame.com.br\/gospel\/missoes-acao-social\/pessoas-sao-libertas-e-falam-em-linguas-ao-serem-batizadas-na-holanda.html\">renascimento para Jesus<\/a><\/strong>. Creio que a partir de agora uma nova hist\u00f3ria come\u00e7a em minha vida. \u00c9 um momento que jamais esquecerei e estou muito grata por ter renascido para Jesus\u201d, declarou a nova convertida.<\/p>\n\n\n\n<p><img src=\"https:\/\/thumbor.guiame.com.br\/unsafe\/smart\/https:\/\/media.guiame.com.br\/archives\/2023\/10\/03\/921826903-.jpg\" alt=\"\" width=\"600\"><br><sup>Mais de 300 congrega\u00e7\u00f5es promoveram batismos. (Foto: Not\u00edcias Adventistas).<\/sup><\/p>\n\n\n\n<p>O evangelismo foi realizado por diversas igrejas da regi\u00e3o. \u201cDurante o m\u00eas, mobilizamos pastores, igrejas e membros para levar pessoas a Jesus. Este lugar se tornou um ponto de celebra\u00e7\u00e3o pela salva\u00e7\u00e3o de almas\u201d, afirmou Gustavo de S\u00e1, presidente da denomina\u00e7\u00e3o no centro-norte Capixaba.<\/p>\n\n\n\n<p>Mais de 300 congrega\u00e7\u00f5es da regi\u00e3o se mobilizaram para promover os batismos.&nbsp;<\/p>\n\n\n\n<p>\u201cDeus mostra seu desejo de salvar mais pessoas. Os sinais di\u00e1rios da volta de Jesus e a urg\u00eancia na prega\u00e7\u00e3o motivam o povo do Senhor a cumprir o Ide de Cristo\u201d, ressaltou Moabi Novaes, l\u00edder de evangelismo.<\/p>\n\n\n\n<p><strong>FONTE:<\/strong>&nbsp;GUIAME, COM INFORMA\u00c7\u00d5ES DE NOT\u00cdCIAS ADVENTISTAS<\/p>\n","protected":false},"excerpt":{"rendered":"<p>Mais de 1.000 pessoas foram&nbsp;batizadas ap\u00f3s um evangelismo&nbsp;durante o m\u00eas de setembro, no Esp\u00edrito Santo. A salva\u00e7\u00e3o em massa \u00e9 fruto da a\u00e7\u00e3o \u201cBatismo da Primavera\u201d, promovida pela Igreja Adventista no estado. No \u00faltimo s\u00e1bado (30), Nilda Pereira foi a mil\u00e9sima pessoa batizada em uma cerim\u00f4nia especial, na cidade de S\u00e3o Domingos do Norte. \u201cMe [&hellip;]<\/p>\n","protected":false},"author":2,"featured_media":17336,"comment_status":"open","ping_status":"open","sticky":false,"template":"","format":"standard","meta":[],"categories":[5],"tags":[],"_links":{"self":[{"href":"https:\/\/dgospel.com.br\/portal\/index.php\/wp-json\/wp\/v2\/posts\/17335"}],"collection":[{"href":"https:\/\/dgospel.com.br\/portal\/index.php\/wp-json\/wp\/v2\/posts"}],"about":[{"href":"https:\/\/dgospel.com.br\/portal\/index.php\/wp-json\/wp\/v2\/types\/post"}],"author":[{"embeddable":true,"href":"https:\/\/dgospel.com.br\/portal\/index.php\/wp-json\/wp\/v2\/users\/2"}],"replies":[{"embeddable":true,"href":"https:\/\/dgospel.com.br\/portal\/index.php\/wp-json\/wp\/v2\/comments?post=17335"}],"version-history":[{"count":1,"href":"https:\/\/dgospel.com.br\/portal\/index.php\/wp-json\/wp\/v2\/posts\/17335\/revisions"}],"predecessor-version":[{"id":17337,"href":"https:\/\/dgospel.com.br\/portal\/index.php\/wp-json\/wp\/v2\/posts\/17335\/revisions\/17337"}],"wp:featuredmedia":[{"embeddable":true,"href":"https:\/\/dgospel.com.br\/portal\/index.php\/wp-json\/wp\/v2\/media\/17336"}],"wp:attachment":[{"href":"https:\/\/dgospel.com.br\/portal\/index.php\/wp-json\/wp\/v2\/media?parent=17335"}],"wp:term":[{"taxonomy":"category","embeddable":true,"href":"https:\/\/dgospel.com.br\/portal\/index.php\/wp-json\/wp\/v2\/categories?post=17335"},{"taxonomy":"post_tag","embeddable":true,"href":"https:\/\/dgospel.com.br\/portal\/index.php\/wp-json\/wp\/v2\/tags?post=17335"}],"curies":[{"name":"wp","href":"https:\/\/api.w.org\/{rel}","templated":true}]}}