{"id":17338,"date":"2023-10-04T11:47:17","date_gmt":"2023-10-04T14:47:17","guid":{"rendered":"http:\/\/dgospel.com.br\/portal\/?p=17338"},"modified":"2023-10-04T11:47:18","modified_gmt":"2023-10-04T14:47:18","slug":"governo-lula-ja-retirou-29-milhoes-de-pessoas-do-bolsa-familia","status":"publish","type":"post","link":"https:\/\/dgospel.com.br\/portal\/index.php\/2023\/10\/04\/governo-lula-ja-retirou-29-milhoes-de-pessoas-do-bolsa-familia\/","title":{"rendered":"Governo Lula j\u00e1 retirou 2,9 milh\u00f5es de pessoas do Bolsa Fam\u00edlia"},"content":{"rendered":"\n<p>Desde o in\u00edcio do ano, o\u00a0<a href=\"https:\/\/www.metropoles.com\/tag\/governo-lula\">governo Lula<\/a>\u00a0cancelou o cadastro de cerca de 2,9 milh\u00f5es de pessoas do programa\u00a0<a href=\"https:\/\/www.gov.br\/mds\/pt-br\/acoes-e-programas\/bolsa-familia\">Bolsa Fam\u00edlia<\/a>. A informa\u00e7\u00e3o foi obtida pelo colunista Paulo Cappelli, do site Metr\u00f3poles, e divulgada nesta quarta-feira (4).<\/p>\n\n\n\n<p>Segundo o Minist\u00e9rio de Desenvolvimento e Assist\u00eancia Social, Fam\u00edlia e Combate \u00e0 Fome, pasta respons\u00e1vel pelos dados, 2.870.743 fam\u00edlias tiveram o benef\u00edcio cancelado at\u00e9 o nono m\u00eas deste ano. Os cortes, segundo a pasta, s\u00e3o parte de um pente-fino para adequar o pagamento do benef\u00edcio \u00e0queles que realmente se enquadram nos crit\u00e9rios pr\u00e9-determinados.<\/p>\n\n\n\n<p>As remo\u00e7\u00f5es de benefici\u00e1rios do Bolsa Fam\u00edlia come\u00e7aram em mar\u00e7o deste ano, ocasi\u00e3o em que o governo Lula disse ter identificado cerca de 1,2 milh\u00e3o de perfis com renda mensal mais alta do que a estipulada para inscri\u00e7\u00e3o no programa.<\/p>\n\n\n\n<p>O presidente Luiz In\u00e1cio Lula da Silva (PT) assinou em junho deste ano o decreto que regulamentou o Novo Bolsa Fam\u00edlia. O programa foi estabelecido para substituir o Aux\u00edlio Brasil, nome que era utilizado durante o governo do ex-presidente Jair Bolsonaro (PL).<\/p>\n","protected":false},"excerpt":{"rendered":"<p>Desde o in\u00edcio do ano, o\u00a0governo Lula\u00a0cancelou o cadastro de cerca de 2,9 milh\u00f5es de pessoas do programa\u00a0Bolsa Fam\u00edlia. A informa\u00e7\u00e3o foi obtida pelo colunista Paulo Cappelli, do site Metr\u00f3poles, e divulgada nesta quarta-feira (4). Segundo o Minist\u00e9rio de Desenvolvimento e Assist\u00eancia Social, Fam\u00edlia e Combate \u00e0 Fome, pasta respons\u00e1vel pelos dados, 2.870.743 fam\u00edlias tiveram [&hellip;]<\/p>\n","protected":false},"author":2,"featured_media":17339,"comment_status":"open","ping_status":"open","sticky":false,"template":"","format":"standard","meta":[],"categories":[10],"tags":[],"_links":{"self":[{"href":"https:\/\/dgospel.com.br\/portal\/index.php\/wp-json\/wp\/v2\/posts\/17338"}],"collection":[{"href":"https:\/\/dgospel.com.br\/portal\/index.php\/wp-json\/wp\/v2\/posts"}],"about":[{"href":"https:\/\/dgospel.com.br\/portal\/index.php\/wp-json\/wp\/v2\/types\/post"}],"author":[{"embeddable":true,"href":"https:\/\/dgospel.com.br\/portal\/index.php\/wp-json\/wp\/v2\/users\/2"}],"replies":[{"embeddable":true,"href":"https:\/\/dgospel.com.br\/portal\/index.php\/wp-json\/wp\/v2\/comments?post=17338"}],"version-history":[{"count":1,"href":"https:\/\/dgospel.com.br\/portal\/index.php\/wp-json\/wp\/v2\/posts\/17338\/revisions"}],"predecessor-version":[{"id":17340,"href":"https:\/\/dgospel.com.br\/portal\/index.php\/wp-json\/wp\/v2\/posts\/17338\/revisions\/17340"}],"wp:featuredmedia":[{"embeddable":true,"href":"https:\/\/dgospel.com.br\/portal\/index.php\/wp-json\/wp\/v2\/media\/17339"}],"wp:attachment":[{"href":"https:\/\/dgospel.com.br\/portal\/index.php\/wp-json\/wp\/v2\/media?parent=17338"}],"wp:term":[{"taxonomy":"category","embeddable":true,"href":"https:\/\/dgospel.com.br\/portal\/index.php\/wp-json\/wp\/v2\/categories?post=17338"},{"taxonomy":"post_tag","embeddable":true,"href":"https:\/\/dgospel.com.br\/portal\/index.php\/wp-json\/wp\/v2\/tags?post=17338"}],"curies":[{"name":"wp","href":"https:\/\/api.w.org\/{rel}","templated":true}]}}