{"id":17346,"date":"2023-10-04T15:00:50","date_gmt":"2023-10-04T18:00:50","guid":{"rendered":"http:\/\/dgospel.com.br\/portal\/?p=17346"},"modified":"2023-10-04T15:00:52","modified_gmt":"2023-10-04T18:00:52","slug":"lula-interferiu-em-operacao-bancaria-de-us-1-bilhao-para-argentina-visando-conter-ascensao-de-milei-diz-estadao","status":"publish","type":"post","link":"https:\/\/dgospel.com.br\/portal\/index.php\/2023\/10\/04\/lula-interferiu-em-operacao-bancaria-de-us-1-bilhao-para-argentina-visando-conter-ascensao-de-milei-diz-estadao\/","title":{"rendered":"Lula interferiu em opera\u00e7\u00e3o banc\u00e1ria de US$ 1 bilh\u00e3o para Argentina visando conter ascens\u00e3o de Milei, diz Estad\u00e3o"},"content":{"rendered":"\n<p>Na \u00faltima sexta-feira de agosto, o presidente Lula alegou urg\u00eancia para entrar em contato com a Ministra do Planejamento, Simone Tebet, para que o Brasil autorizasse uma opera\u00e7\u00e3o vital para a Argentina. A na\u00e7\u00e3o vizinha esperava um empr\u00e9stimo de US$ 1 bilh\u00e3o do Banco de Desenvolvimento da Am\u00e9rica Latina (CAF) para desencadear uma libera\u00e7\u00e3o do Fundo Monet\u00e1rio Internacional (FMI) de US$ 7,5 bilh\u00f5es. A informa\u00e7\u00e3o foi divulgada pelo jornal Estad\u00e3o.<\/p>\n\n\n\n<p><a href=\"https:\/\/www.assembleia.pr.leg.br\/assembleia-itinerante\/sugestao-de-melhorias-para-sua-cidade\" target=\"_blank\" rel=\"noreferrer noopener\"><\/a><\/p>\n\n\n\n<p>Possuindo a maior influ\u00eancia no CAF com 37,3% de participa\u00e7\u00e3o, o Brasil era fundamental para essa opera\u00e7\u00e3o. Mesmo com a Argentina j\u00e1 tendo excedido seu limite de cr\u00e9dito, a interven\u00e7\u00e3o de Lula permitiu que o empr\u00e9stimo fosse aprovado, com apenas o Peru se opondo. Como resultado, o FMI liberou os fundos necess\u00e1rios.<\/p>\n\n\n\n<p>Com as elei\u00e7\u00f5es argentinas se aproximando, o Lula est\u00e1 cada vez mais preocupado com a crescente popularidade de Javier Milei, considerado a vers\u00e3o argentina de Jair Bolsonaro. Milei, conhecido por seu discurso antiestablishment, defende propostas radicais v\u00e3o contra os planos do atual governo brasileiro. A crescente ascens\u00e3o de Milei \u00e9 vista por assessores de Lula como um desastre, especialmente dado seu relacionamento com Eduardo Bolsonaro e suas cr\u00edticas diretas ao Brasil e \u00e0 China.<\/p>\n\n\n\n<p>Lula declarou apoio ao candidato do peronismo, Sergio Massa, e intensificou seus esfor\u00e7os diplom\u00e1ticos. Diante do crescimento de Milei e do aumento da for\u00e7a da direita na Am\u00e9rica Latina, a estrat\u00e9gia do presidente brasileiro \u00e9 de alta aposta.<\/p>\n","protected":false},"excerpt":{"rendered":"<p>Na \u00faltima sexta-feira de agosto, o presidente Lula alegou urg\u00eancia para entrar em contato com a Ministra do Planejamento, Simone Tebet, para que o Brasil autorizasse uma opera\u00e7\u00e3o vital para a Argentina. A na\u00e7\u00e3o vizinha esperava um empr\u00e9stimo de US$ 1 bilh\u00e3o do Banco de Desenvolvimento da Am\u00e9rica Latina (CAF) para desencadear uma libera\u00e7\u00e3o do [&hellip;]<\/p>\n","protected":false},"author":2,"featured_media":17347,"comment_status":"open","ping_status":"open","sticky":false,"template":"","format":"standard","meta":[],"categories":[4],"tags":[],"_links":{"self":[{"href":"https:\/\/dgospel.com.br\/portal\/index.php\/wp-json\/wp\/v2\/posts\/17346"}],"collection":[{"href":"https:\/\/dgospel.com.br\/portal\/index.php\/wp-json\/wp\/v2\/posts"}],"about":[{"href":"https:\/\/dgospel.com.br\/portal\/index.php\/wp-json\/wp\/v2\/types\/post"}],"author":[{"embeddable":true,"href":"https:\/\/dgospel.com.br\/portal\/index.php\/wp-json\/wp\/v2\/users\/2"}],"replies":[{"embeddable":true,"href":"https:\/\/dgospel.com.br\/portal\/index.php\/wp-json\/wp\/v2\/comments?post=17346"}],"version-history":[{"count":1,"href":"https:\/\/dgospel.com.br\/portal\/index.php\/wp-json\/wp\/v2\/posts\/17346\/revisions"}],"predecessor-version":[{"id":17348,"href":"https:\/\/dgospel.com.br\/portal\/index.php\/wp-json\/wp\/v2\/posts\/17346\/revisions\/17348"}],"wp:featuredmedia":[{"embeddable":true,"href":"https:\/\/dgospel.com.br\/portal\/index.php\/wp-json\/wp\/v2\/media\/17347"}],"wp:attachment":[{"href":"https:\/\/dgospel.com.br\/portal\/index.php\/wp-json\/wp\/v2\/media?parent=17346"}],"wp:term":[{"taxonomy":"category","embeddable":true,"href":"https:\/\/dgospel.com.br\/portal\/index.php\/wp-json\/wp\/v2\/categories?post=17346"},{"taxonomy":"post_tag","embeddable":true,"href":"https:\/\/dgospel.com.br\/portal\/index.php\/wp-json\/wp\/v2\/tags?post=17346"}],"curies":[{"name":"wp","href":"https:\/\/api.w.org\/{rel}","templated":true}]}}