{"id":17357,"date":"2023-10-06T10:32:15","date_gmt":"2023-10-06T13:32:15","guid":{"rendered":"http:\/\/dgospel.com.br\/portal\/?p=17357"},"modified":"2023-10-06T10:32:16","modified_gmt":"2023-10-06T13:32:16","slug":"video-mostra-moraes-chamando-empresario-de-bandido","status":"publish","type":"post","link":"https:\/\/dgospel.com.br\/portal\/index.php\/2023\/10\/06\/video-mostra-moraes-chamando-empresario-de-bandido\/","title":{"rendered":"V\u00eddeo mostra Moraes chamando empres\u00e1rio de bandido"},"content":{"rendered":"\n<p>Um v\u00eddeo gravado no aeroporto de Roma, na It\u00e1lia, mostra o ministro Alexandre de Moraes, do Supremo Tribunal Federal (STF), e seu filho, Alexandre Barci, chamando algu\u00e9m de \u201cbandido\u201d.<\/p>\n\n\n\n<p>As imagens foram apresentadas pela defesa do empres\u00e1rio Roberto Mantovani Filho, acusado de ter ofendido Moraes e agredido seu filho.<\/p>\n\n\n\n<p>Ao que parece, o v\u00eddeo foi gravado pelo pr\u00f3prio empres\u00e1rio ou sua esposa, Andr\u00e9a Munar\u00e3o, tamb\u00e9m investigada no caso, e mostra Moraes e o filho amea\u00e7ando-os de processo, em seguida, Moraes se vira e o chama de \u201cbandido\u201d.<\/p>\n\n\n\n<p>A Pol\u00edcia Federal (PF) afirma que as grava\u00e7\u00f5es do aeroporto de Roma faz parecer que Mantovani agrediu Alexandre Barci com as costas das m\u00e3os. Tamb\u00e9m fala que parece que houve ofensas.<\/p>\n\n\n\n<p>Os advogados do casal dizem que a filmagem mostra que nenhuma ofensa foi direcionada ao ministro e que o v\u00eddeo apresentado se trata do \u201c\u00fanico momento em que o Min. Alexandre se encontra presente e pr\u00f3ximo dos investigados\u201d. O conte\u00fado das imagens foi periciado para mostrar que n\u00e3o houve edi\u00e7\u00f5es.<\/p>\n\n\n\n<p><strong>Assista:<\/strong><\/p>\n\n\n\n<blockquote class=\"wp-block-quote\"><p>&nbsp;Ver essa foto no Instagram<\/p><p>&nbsp;<\/p><p><a href=\"https:\/\/www.instagram.com\/reel\/CyCELC_J6kq\/?utm_source=ig_embed&amp;utm_campaign=loading\" target=\"_blank\" rel=\"noreferrer noopener\">Uma publica\u00e7\u00e3o compartilhada por Pleno.News (@plenonews)<\/a><\/p><\/blockquote>\n","protected":false},"excerpt":{"rendered":"<p>Um v\u00eddeo gravado no aeroporto de Roma, na It\u00e1lia, mostra o ministro Alexandre de Moraes, do Supremo Tribunal Federal (STF), e seu filho, Alexandre Barci, chamando algu\u00e9m de \u201cbandido\u201d. As imagens foram apresentadas pela defesa do empres\u00e1rio Roberto Mantovani Filho, acusado de ter ofendido Moraes e agredido seu filho. Ao que parece, o v\u00eddeo foi [&hellip;]<\/p>\n","protected":false},"author":2,"featured_media":17358,"comment_status":"open","ping_status":"open","sticky":false,"template":"","format":"standard","meta":[],"categories":[10],"tags":[],"_links":{"self":[{"href":"https:\/\/dgospel.com.br\/portal\/index.php\/wp-json\/wp\/v2\/posts\/17357"}],"collection":[{"href":"https:\/\/dgospel.com.br\/portal\/index.php\/wp-json\/wp\/v2\/posts"}],"about":[{"href":"https:\/\/dgospel.com.br\/portal\/index.php\/wp-json\/wp\/v2\/types\/post"}],"author":[{"embeddable":true,"href":"https:\/\/dgospel.com.br\/portal\/index.php\/wp-json\/wp\/v2\/users\/2"}],"replies":[{"embeddable":true,"href":"https:\/\/dgospel.com.br\/portal\/index.php\/wp-json\/wp\/v2\/comments?post=17357"}],"version-history":[{"count":1,"href":"https:\/\/dgospel.com.br\/portal\/index.php\/wp-json\/wp\/v2\/posts\/17357\/revisions"}],"predecessor-version":[{"id":17359,"href":"https:\/\/dgospel.com.br\/portal\/index.php\/wp-json\/wp\/v2\/posts\/17357\/revisions\/17359"}],"wp:featuredmedia":[{"embeddable":true,"href":"https:\/\/dgospel.com.br\/portal\/index.php\/wp-json\/wp\/v2\/media\/17358"}],"wp:attachment":[{"href":"https:\/\/dgospel.com.br\/portal\/index.php\/wp-json\/wp\/v2\/media?parent=17357"}],"wp:term":[{"taxonomy":"category","embeddable":true,"href":"https:\/\/dgospel.com.br\/portal\/index.php\/wp-json\/wp\/v2\/categories?post=17357"},{"taxonomy":"post_tag","embeddable":true,"href":"https:\/\/dgospel.com.br\/portal\/index.php\/wp-json\/wp\/v2\/tags?post=17357"}],"curies":[{"name":"wp","href":"https:\/\/api.w.org\/{rel}","templated":true}]}}