{"id":17363,"date":"2023-10-06T11:15:12","date_gmt":"2023-10-06T14:15:12","guid":{"rendered":"http:\/\/dgospel.com.br\/portal\/?p=17363"},"modified":"2023-10-13T12:20:29","modified_gmt":"2023-10-13T15:20:29","slug":"tocantins-35-anos-governo-avanca-com-investimentos-em-obras-de-escolas-e-valorizacao-dos-servidores-da-educacao","status":"publish","type":"post","link":"https:\/\/dgospel.com.br\/portal\/index.php\/2023\/10\/06\/tocantins-35-anos-governo-avanca-com-investimentos-em-obras-de-escolas-e-valorizacao-dos-servidores-da-educacao\/","title":{"rendered":"Tocantins 35 anos: Governo avan\u00e7a com investimentos em obras de escolas e valoriza\u00e7\u00e3o dos servidores da educa\u00e7\u00e3o"},"content":{"rendered":"\n<p>Garantir condi\u00e7\u00f5es adequadas para avan\u00e7ar nos \u00edndices de desenvolvimento da educa\u00e7\u00e3o \u00e9 prioridade do Governo do Tocantins, que vem realizando a\u00e7\u00f5es para que o Estado se torne modelo de educa\u00e7\u00e3o no pa\u00eds. Em 2023, quando o Tocantins completa 35 anos, a rede estadual de ensino conta com 23.172 servidores e 142.756 estudantes matriculados, em 503 unidades escolares, localizadas nos 139 munic\u00edpios tocantinenses.<\/p>\n\n\n\n<p>Um passo importante em busca desse objetivo de ser refer\u00eancia na \u00e1rea se deu por meio do&nbsp;<em>Programa de Fortalecimento da Educa\u00e7\u00e3o (Profe)<\/em>, que visa consolidar as a\u00e7\u00f5es da educa\u00e7\u00e3o tocantinense e efetivar as garantias dos servidores como pol\u00edtica de Estado, por meio de Lei, sancionada pelo governador Wanderlei Barbosa, em 28 de agosto deste ano.&nbsp;\u201cO&nbsp;<em>Profe<\/em>&nbsp;\u00e9 um programa macro que vai elevar os \u00edndices educacionais, considerando a profici\u00eancia e a equidade nas redes estadual e municipal, promovendo o desenvolvimento da educa\u00e7\u00e3o com investimentos em infraestrutura, tecnologia, valoriza\u00e7\u00e3o dos profissionais e reconhecimento das boas pr\u00e1ticas nas escolas tocantinenses\u201d, enfatiza o governador Wanderlei&nbsp;Barbosa.&nbsp;<\/p>\n\n\n\n<p>O&nbsp;<em>Profe<\/em>&nbsp;\u00e9 desenvolvido em oito eixos sendo que um dos mais importantes \u00e9 voltado para subsidiar as a\u00e7\u00f5es dos munic\u00edpios, fortalecendo o regime de colabora\u00e7\u00e3o com a oferta de forma\u00e7\u00e3o pedag\u00f3gica, socioemocional, entrega de material did\u00e1tico, assessoria t\u00e9cnica e monitoramento da execu\u00e7\u00e3o das metas, obras e demais a\u00e7\u00f5es previstas no termo de colabora\u00e7\u00e3o.&nbsp;O secret\u00e1rio de Estado da Educa\u00e7\u00e3o, F\u00e1bio Vaz, destacou os recursos que ser\u00e3o destinados \u00e0s redes municipais. \u201cPor meio do ICMS Educacional, o Tocantins vai destinar cerca de R$ 100 milh\u00f5es anuais aos munic\u00edpios e, com o Selo&nbsp;<em>Profe<\/em>, vamos investir mais de R$ 10 milh\u00f5es, em edital anual, para os munic\u00edpios que cumprirem as metas do regime de colabora\u00e7\u00e3o\u201d, destaca.<\/p>\n\n\n\n<p><strong>Mais de R$ 170 milh\u00f5es em obras<\/strong><\/p>\n\n\n\n<p>Para oferecer estrutura f\u00edsica adequada aos estudantes, todas as regi\u00f5es do Estado est\u00e3o recebendo investimentos em obras para as unidades escolares. Desde 2022, foram mais de R$ 170 milh\u00f5es para 46 obras que j\u00e1 foram entregues \u00e0 comunidade, incluindo cinco escolas de tempo integral. Outras 40 obras est\u00e3o em execu\u00e7\u00e3o, al\u00e9m de 70 escolas ind\u00edgenas com constru\u00e7\u00f5es em diferentes fases e mais 37 processos licitat\u00f3rios em andamento.<\/p>\n\n\n\n<p>Dentre as novas unidades est\u00e1 a Escola Estadual de Tempo Integral Domingos da Cruz Machado, inaugurada no m\u00eas de fevereiro, em Aragua\u00edna. As obras que foram iniciadas em 2013 e paralisadas com menos de 40% de execu\u00e7\u00e3o receberam, na atual gest\u00e3o, novo aporte financeiro que permitiu a adequa\u00e7\u00e3o, a finaliza\u00e7\u00e3o e a entrega para a comunidade.<\/p>\n\n\n\n<p>Maria J\u00fania Gino de Castro, m\u00e3e de estudantes da unidade, relata que a inaugura\u00e7\u00e3o da escola era aguardada pelos moradores do setor Nova Aragua\u00edna e seu entorno. &#8220;Estou muito feliz, porque o nosso bairro necessitava mesmo de um col\u00e9gio dessa magnitude. Isso \u00e9 uma riqueza para n\u00f3s. A espera foi muito longa, mas, gra\u00e7as a Deus, nosso sonho se realizou com uma escola t\u00e3o maravilhosa para nossos filhos&#8221;, afirma.<\/p>\n\n\n\n<p>Para al\u00e9m dos recursos investidos em obras, as unidades escolares da rede est\u00e3o recebendo mobili\u00e1rio, climatiza\u00e7\u00e3o e aparelhamento tecnol\u00f3gico. S\u00f3 este ano, est\u00e3o sendo entregues 13 mil chromebooks e kits de laborat\u00f3rios de Biologia, Qu\u00edmica e F\u00edsica, para as escolas que ofertam o ensino m\u00e9dio. S\u00e3o mais de R$ 97 milh\u00f5es para a aquisi\u00e7\u00e3o dos equipamentos que favorecer\u00e3o a aprendizagem na rede estadual.&nbsp;\u201cPriorizamos a entrega de obras e a melhoria da estrutura das nossas unidades de ensino, mas tamb\u00e9m investimos em tecnologias e materiais did\u00e1ticos de qualidade que proporcionam melhores condi\u00e7\u00f5es de trabalho aos nossos servidores e novas oportunidades de aprendizagem aos nossos estudantes\u201d, enfatiza o governador Wanderlei Barbosa.<\/p>\n\n\n\n<p><strong>Estudantes motivados<\/strong><\/p>\n\n\n\n<p>Al\u00e9m dos esfor\u00e7os para a moderniza\u00e7\u00e3o da infraestrutura e a inova\u00e7\u00e3o nas pr\u00e1ticas pedag\u00f3gicas, em 2023, o Governo do Tocantins tem atuado com foco no desenvolvimento de diversas habilidades dos estudantes para os esportes e as artes, levando em conta a diversidade e a inclus\u00e3o.&nbsp;Uma dessas iniciativas \u00e9 o&nbsp;<em>Dan\u00e7a Tocantins<\/em>&nbsp;que, em 2023, envolveu estudantes das 13 Superintend\u00eancias Regionais da Educa\u00e7\u00e3o (SREs). O aluno do Centro de Ensino M\u00e9dio (CEM) Oquerlina Torres, de Guara\u00ed, Lu\u00eds Fernando Ara\u00fajo Nascimento, foi um dos campe\u00f5es do&nbsp;<em>Dan\u00e7a Tocantins<\/em>&nbsp;nesta edi\u00e7\u00e3o. \u201cSou apaixonado pela dan\u00e7a desde crian\u00e7a. Quando&nbsp;anunciou&nbsp;o&nbsp;<em>Dan\u00e7a Tocantins<\/em>, j\u00e1 me inscrevi e posso dizer que ter ganhado a competi\u00e7\u00e3o \u00e9 um sonho realizado\u201d.&nbsp;O jovem de 16 anos disse que encontrou, no projeto, uma motiva\u00e7\u00e3o para tornar a dan\u00e7a uma escolha profissional. \u201cAqui na cidade, n\u00e3o temos muitas oportunidades assim. A escola me incentivou, acreditou em mim e valeu a pena, pois superei muitos competidores de alta qualidade e recebi muitas homenagens de reconhecimento\u201d, revelou.&nbsp;Lu\u00eds estuda em tempo integral e a rotina de nove horas na escola tem sido fundamental para ir em busca dos sonhos para o futuro. \u201c\u00c9 uma rotina de estudos mais intensa, aprendendo, revisando, pesquisando e isso \u00e9 muito positivo. Nas aulas de Projeto de Vida, temos sempre os professores orientando, mostrando as potencialidades e incentivando a buscar e nos realizarmos como profissionais\u201d, relata o estudante.<\/p>\n\n\n\n<p>O Governo Estadual tamb\u00e9m ampliou o atendimento multiprofissional com psic\u00f3logos e assistentes sociais que ofertam apoio socioemocional aos educandos da rede estadual. Com isso, o Tocantins vem se destacando em \u00e2mbito nacional com cerca de 200 psic\u00f3logos, 225 assistentes sociais e mais de 600 orientadores educacionais.<\/p>\n\n\n\n<p><strong>Concurso da Educa\u00e7\u00e3o<\/strong><\/p>\n\n\n\n<p>No ano em que o Tocantins comemora 35 anos, o Governo do Tocantins realizou o concurso da Educa\u00e7\u00e3o, que era aguardado h\u00e1 14 anos. Foram ofertadas 5.242 vagas para o provimento dos cargos de professor da educa\u00e7\u00e3o b\u00e1sica, coordenador pedag\u00f3gico, orientador educacional, professor da educa\u00e7\u00e3o b\u00e1sica ind\u00edgena, orientador educacional e coordenador pedag\u00f3gico na educa\u00e7\u00e3o ind\u00edgena.<\/p>\n\n\n\n<p>A professora mestra Egly Est\u00e9rfane, natural de Sandol\u00e2ndia, \u00e9 uma das aprovadas no concurso. A educadora j\u00e1 leciona h\u00e1 cinco anos na rede estadual, como servidora contratada, no Centro de Ensino M\u00e9dio de Taquaralto, em Palmas, e cursou toda sua jornada escolar e acad\u00eamica na rede p\u00fablica tocantinense.&nbsp;\u201cSou filha de professora e, desde a educa\u00e7\u00e3o infantil at\u00e9 o mestrado, estudei em institui\u00e7\u00f5es p\u00fablicas do Tocantins. Fiz o ensino m\u00e9dio na Escola Estadual Nossa Senhora Aparecida, em Sandol\u00e2ndia, e j\u00e1 atuei em diversas escolas. Depois de muitos anos de dedica\u00e7\u00e3o e aguardando o concurso, \u00e9 uma grande satisfa\u00e7\u00e3o ter sido aprovada. Al\u00e9m da seguran\u00e7a e da estabilidade profissional, acredito que essa conquista possibilitar\u00e1 trabalhar ainda melhor pelo coletivo. Acredito muito na Educa\u00e7\u00e3o e no poder que n\u00f3s professores temos em contribuir para mudar a vida dos nossos alunos\u201d, relata.<\/p>\n\n\n\n<p>A previs\u00e3o \u00e9 de que os novos profissionais aprovados no concurso tomem posse ainda este ano e j\u00e1 comecem a atuar no in\u00edcio do ano letivo de 2024, com remunera\u00e7\u00e3o inicial de R$ 5.674,35.<\/p>\n\n\n\n<p><strong>Valoriza\u00e7\u00e3o profissional<\/strong><\/p>\n\n\n\n<p>Da mesma forma que o concurso veio para prover uma lacuna de anos que era suprida por meio de contratos, os servidores j\u00e1 efetivos tamb\u00e9m foram contemplados com o pagamento de direitos que aguardavam desde 2014.<\/p>\n\n\n\n<p>\u201cZeramos os passivos da Educa\u00e7\u00e3o, realizamos o concurso e implementamos o aumento salarial de 11% para professores efetivos e contratados. Todos esses esfor\u00e7os demonstram o quanto o servidor tem valor na atual gest\u00e3o e que acreditamos que, por meio de educadores satisfeitos e motivados, a Educa\u00e7\u00e3o do Tocantins tem condi\u00e7\u00f5es reais de avan\u00e7ar consideravelmente\u201d, assegura o titular da Seduc, F\u00e1bio Vaz.&nbsp;<\/p>\n\n\n\n<p>Um dos beneficiados \u00e9 o professor Josimar Oliveira Tchauly, do CEM Darcy Marinho, de Tocantin\u00f3polis. Servidor efetivo h\u00e1 18 anos, o educador relata a gratid\u00e3o em receber todos os direitos atrasados.&nbsp;\u201cA valoriza\u00e7\u00e3o estava esquecida. Na atual administra\u00e7\u00e3o, nos sentimos valorizados n\u00e3o s\u00f3 nas promessas, mas de fato na realiza\u00e7\u00e3o delas. J\u00e1 hav\u00edamos perdido as esperan\u00e7as, depois de anos de luta, mobiliza\u00e7\u00f5es e greves. Finalmente chegou algu\u00e9m que fez acontecer, o que muitos outros gestores&nbsp;n\u00e3o fizeram,&nbsp;e que tem&nbsp;um olhar especial para a educa\u00e7\u00e3o. Confiamos que essas melhorias ser\u00e3o uma constante e acredito que, assim como eu, a maioria dos meus colegas tamb\u00e9m tem esse sentimento de gratid\u00e3o\u201d, discorre.<\/p>\n\n\n\n<p>Al\u00e9m de quitar as d\u00edvidas hist\u00f3ricas, para reconhecer a atua\u00e7\u00e3o dos trabalhadores da Educa\u00e7\u00e3o, o Governo do Tocantins lan\u00e7ou o&nbsp;<em>Pr\u00eamio Escola Que Transforma<\/em>, que premiar\u00e1 com R$ 2 milh\u00f5es, profissionais em 19 categorias desde a Pr\u00e9-Escola II, a Educa\u00e7\u00e3o Infantil e todas as etapas da Educa\u00e7\u00e3o B\u00e1sica, das redes municipal e estadual de ensino do Tocantins.&nbsp;Os servidores tamb\u00e9m&nbsp;receber\u00e3o a Bonifica\u00e7\u00e3o&nbsp;Anual de Incentivo por meio do&nbsp;<em>Ideb Mais<\/em>, que ser\u00e1 concedida aos profissionais das 13 SREs e das unidades de ensino, mediante os resultados educacionais do \u00cdndice de Desenvolvimento da Educa\u00e7\u00e3o B\u00e1sica (Ideb). Os servidores ser\u00e3o agraciados com percentual de 25% a 100% do sal\u00e1rio-base de cada servidor, totalizando cerca de R$ 4,5 milh\u00f5es.<\/p>\n\n\n\n<p>A Seduc lan\u00e7ou, ainda, edital do Processo Seletivo para Diretores das unidades escolares e oferta, ao longo de 2023, o Curso de Aperfei\u00e7oamento em Mentoria para todos os diretores das unidades de ensino da rede estadual. A pasta tamb\u00e9m implantou o programa&nbsp;<em>Escola das Emo\u00e7\u00f5es<\/em>, que contempla forma\u00e7\u00f5es para os profissionais e material did\u00e1tico-pedag\u00f3gico para estudantes do ensino infantil ao 9\u00b0 ano do ensino fundamental, visando desenvolver as compet\u00eancias socioemocionais.&nbsp;\u201cTodas essas a\u00e7\u00f5es integram o&nbsp;<em>Profe<\/em>&nbsp;e buscam elevar continuamente a educa\u00e7\u00e3o p\u00fablica tocantinense, promovendo o desenvolvimento do nosso Estado como um todo\u201d, conclui F\u00e1bio Vaz.<\/p>\n\n\n\n<p><img src=\"https:\/\/central.to.gov.br\/image\/349983?w=670&amp;h=383\"><\/p>\n\n\n\n<p>Professora Egly Sterfane da Silva Borges, de Silvan\u00f3polis, \u00e9 fruto da escola p\u00fablica e foi aprovada no concurso da Educa\u00e7\u00e3o &#8211; M\u00e1rcio Flores\/Governo do Tocantins&nbsp;<\/p>\n\n\n\n<p><img src=\"https:\/\/central.to.gov.br\/image\/349811?w=670&amp;h=383\"><\/p>\n\n\n\n<p>Lu\u00eds Fernando Ara\u00fajo estuda no CEM Oquerlina Torres, em Guara\u00ed, e foi um dos vencedores do Dan\u00e7a Tocantins 2023 &#8211; H\u00eanio Jos\u00e9\/Governo do Tocantins<\/p>\n\n\n\n<p><img src=\"https:\/\/central.to.gov.br\/image\/349812?w=670&amp;h=383\"><\/p>\n\n\n\n<p>Foram destinados 13 mil chromebooks para refor\u00e7ar as pr\u00e1ticas pedag\u00f3gicas, com uso das tecnologias nas escolas estaduais &#8211; M\u00e1rcio Vieira\/Governo do Tocantins&nbsp;<\/p>\n\n\n\n<p><img src=\"https:\/\/central.to.gov.br\/image\/349814?w=670&amp;h=383\"><\/p>\n\n\n\n<p>Maria J\u00fania \u00e9 m\u00e3e de alunos da rede estadual e comemora a inaugura\u00e7\u00e3o da nova escola em Aragua\u00edna &#8211; M\u00e1rcio Vieira\/Governo do Tocantins&nbsp;<\/p>\n\n\n\n<p><img src=\"https:\/\/central.to.gov.br\/image\/349813?w=670&amp;h=383\"><\/p>\n\n\n\n<p>Professor Josimar Oliveira, de Tocantin\u00f3polis, \u00e9 um dos servidores da Educa\u00e7\u00e3o que foram contemplados com os pagamentos dos seus direitos &#8211; Leisiane Lopes\/Governo do Tocantins&nbsp;<\/p>\n","protected":false},"excerpt":{"rendered":"<p>Garantir condi\u00e7\u00f5es adequadas para avan\u00e7ar nos \u00edndices de desenvolvimento da educa\u00e7\u00e3o \u00e9 prioridade do Governo do Tocantins, que vem realizando a\u00e7\u00f5es para que o Estado se torne modelo de educa\u00e7\u00e3o no pa\u00eds. Em 2023, quando o Tocantins completa 35 anos, a rede estadual de ensino conta com 23.172 servidores e 142.756 estudantes matriculados, em 503 [&hellip;]<\/p>\n","protected":false},"author":2,"featured_media":17364,"comment_status":"open","ping_status":"open","sticky":false,"template":"","format":"standard","meta":[],"categories":[3],"tags":[13],"_links":{"self":[{"href":"https:\/\/dgospel.com.br\/portal\/index.php\/wp-json\/wp\/v2\/posts\/17363"}],"collection":[{"href":"https:\/\/dgospel.com.br\/portal\/index.php\/wp-json\/wp\/v2\/posts"}],"about":[{"href":"https:\/\/dgospel.com.br\/portal\/index.php\/wp-json\/wp\/v2\/types\/post"}],"author":[{"embeddable":true,"href":"https:\/\/dgospel.com.br\/portal\/index.php\/wp-json\/wp\/v2\/users\/2"}],"replies":[{"embeddable":true,"href":"https:\/\/dgospel.com.br\/portal\/index.php\/wp-json\/wp\/v2\/comments?post=17363"}],"version-history":[{"count":2,"href":"https:\/\/dgospel.com.br\/portal\/index.php\/wp-json\/wp\/v2\/posts\/17363\/revisions"}],"predecessor-version":[{"id":17432,"href":"https:\/\/dgospel.com.br\/portal\/index.php\/wp-json\/wp\/v2\/posts\/17363\/revisions\/17432"}],"wp:featuredmedia":[{"embeddable":true,"href":"https:\/\/dgospel.com.br\/portal\/index.php\/wp-json\/wp\/v2\/media\/17364"}],"wp:attachment":[{"href":"https:\/\/dgospel.com.br\/portal\/index.php\/wp-json\/wp\/v2\/media?parent=17363"}],"wp:term":[{"taxonomy":"category","embeddable":true,"href":"https:\/\/dgospel.com.br\/portal\/index.php\/wp-json\/wp\/v2\/categories?post=17363"},{"taxonomy":"post_tag","embeddable":true,"href":"https:\/\/dgospel.com.br\/portal\/index.php\/wp-json\/wp\/v2\/tags?post=17363"}],"curies":[{"name":"wp","href":"https:\/\/api.w.org\/{rel}","templated":true}]}}