{"id":17367,"date":"2023-10-06T11:18:50","date_gmt":"2023-10-06T14:18:50","guid":{"rendered":"http:\/\/dgospel.com.br\/portal\/?p=17367"},"modified":"2023-10-13T11:37:32","modified_gmt":"2023-10-13T14:37:32","slug":"apos-retirar-29-milhoes-de-familias-do-bolsa-familia-governo-lula-paga-r4-milhoes-a-globo-para-comercial-da-petrobras","status":"publish","type":"post","link":"https:\/\/dgospel.com.br\/portal\/index.php\/2023\/10\/06\/apos-retirar-29-milhoes-de-familias-do-bolsa-familia-governo-lula-paga-r4-milhoes-a-globo-para-comercial-da-petrobras\/","title":{"rendered":"Ap\u00f3s retirar 2,9 milh\u00f5es de fam\u00edlias do Bolsa fam\u00edlia, Governo Lula paga R$4 milh\u00f5es a Globo para comercial da Petrobras"},"content":{"rendered":"\n<p>A Petrobras desembolsou R$ 4 milh\u00f5es para exibir um comercial de dois minutos no Jornal Nacional da Globo, entre a abertura e as mat\u00e9rias apresentadas por William Bonner e Renata Vasconcellos, conforme publicado pela Folha.<\/p>\n\n\n\n<p><a href=\"https:\/\/www.assembleia.pr.leg.br\/assembleia-itinerante\/sugestao-de-melhorias-para-sua-cidade\" target=\"_blank\" rel=\"noreferrer noopener\"><\/a><\/p>\n\n\n\n<p>O an\u00fancio, celebrando os 70 anos da estatal, ultrapassa o padr\u00e3o televisivo, que costuma limitar propagandas a 30 segundos ou, no m\u00e1ximo, um minuto. Segundo a publica\u00e7\u00e3o, \u201cO formato in\u00e9dito na hist\u00f3ria da emissora foi um chamado \u2018golden break duplo\u2019\u201d, onde a marca tem seu an\u00fancio veiculado sem outros comerciais no intervalo.<\/p>\n\n\n\n<p>A propaganda retratou, atrav\u00e9s de imagens muito bonitas, a trajet\u00f3ria da petrol\u00edfera desde seus prim\u00f3rdios com Get\u00falio Vargas, passando por diversos marcos, at\u00e9 a empolgante descoberta do pr\u00e9-sal.<\/p>\n\n\n\n<p>A escolha \u00e9 ir\u00f4nica pois foi no mesmo telejornal que, por anos, a situa\u00e7\u00e3o da empresa foi retratada como \u201ccalamitosa\u201d. Diversas reportagens revelaram roubos, desvios e outras irregularidades associadas \u00e0 Petrobras. Ao que parece, as acusa\u00e7\u00f5es de \u201cincompet\u00eancia\u201d, \u201cgest\u00f5es desastrosas\u201d e descobertas \u201cfantasiosas\u201d de petr\u00f3leo, incluindo um \u201cfict\u00edcio\u201d pr\u00e9-sal, veiculadas pelo programa foram esquecidas.<\/p>\n\n\n\n<p>No mercado publicit\u00e1rio, o custo de um \u201cgolden break\u201d de um minuto no JN est\u00e1 estimado em cerca de R$ 1,9 milh\u00e3o, conforme informa\u00e7\u00f5es do site comercial da Globo.<\/p>\n\n\n\n<p>Fonte: horabrasilia<\/p>\n","protected":false},"excerpt":{"rendered":"<p>A Petrobras desembolsou R$ 4 milh\u00f5es para exibir um comercial de dois minutos no Jornal Nacional da Globo, entre a abertura e as mat\u00e9rias apresentadas por William Bonner e Renata Vasconcellos, conforme publicado pela Folha. O an\u00fancio, celebrando os 70 anos da estatal, ultrapassa o padr\u00e3o televisivo, que costuma limitar propagandas a 30 segundos ou, [&hellip;]<\/p>\n","protected":false},"author":2,"featured_media":17368,"comment_status":"open","ping_status":"open","sticky":false,"template":"","format":"standard","meta":[],"categories":[4],"tags":[],"_links":{"self":[{"href":"https:\/\/dgospel.com.br\/portal\/index.php\/wp-json\/wp\/v2\/posts\/17367"}],"collection":[{"href":"https:\/\/dgospel.com.br\/portal\/index.php\/wp-json\/wp\/v2\/posts"}],"about":[{"href":"https:\/\/dgospel.com.br\/portal\/index.php\/wp-json\/wp\/v2\/types\/post"}],"author":[{"embeddable":true,"href":"https:\/\/dgospel.com.br\/portal\/index.php\/wp-json\/wp\/v2\/users\/2"}],"replies":[{"embeddable":true,"href":"https:\/\/dgospel.com.br\/portal\/index.php\/wp-json\/wp\/v2\/comments?post=17367"}],"version-history":[{"count":1,"href":"https:\/\/dgospel.com.br\/portal\/index.php\/wp-json\/wp\/v2\/posts\/17367\/revisions"}],"predecessor-version":[{"id":17369,"href":"https:\/\/dgospel.com.br\/portal\/index.php\/wp-json\/wp\/v2\/posts\/17367\/revisions\/17369"}],"wp:featuredmedia":[{"embeddable":true,"href":"https:\/\/dgospel.com.br\/portal\/index.php\/wp-json\/wp\/v2\/media\/17368"}],"wp:attachment":[{"href":"https:\/\/dgospel.com.br\/portal\/index.php\/wp-json\/wp\/v2\/media?parent=17367"}],"wp:term":[{"taxonomy":"category","embeddable":true,"href":"https:\/\/dgospel.com.br\/portal\/index.php\/wp-json\/wp\/v2\/categories?post=17367"},{"taxonomy":"post_tag","embeddable":true,"href":"https:\/\/dgospel.com.br\/portal\/index.php\/wp-json\/wp\/v2\/tags?post=17367"}],"curies":[{"name":"wp","href":"https:\/\/api.w.org\/{rel}","templated":true}]}}