{"id":17387,"date":"2023-10-09T21:40:59","date_gmt":"2023-10-10T00:40:59","guid":{"rendered":"http:\/\/dgospel.com.br\/portal\/?p=17387"},"modified":"2023-10-13T12:24:07","modified_gmt":"2023-10-13T15:24:07","slug":"caminhada-pela-vida-centenas-de-pessoas-protestam-contra-o-aborto-em-bh","status":"publish","type":"post","link":"https:\/\/dgospel.com.br\/portal\/index.php\/2023\/10\/09\/caminhada-pela-vida-centenas-de-pessoas-protestam-contra-o-aborto-em-bh\/","title":{"rendered":"Caminhada pela Vida: Centenas de pessoas protestam contra o aborto em BH"},"content":{"rendered":"\n<p>Centenas de pessoas protestaram&nbsp;<strong><a href=\"https:\/\/guiame.com.br\/gospel\/noticias\/precisamos-lutar-por-quem-nao-pode-se-defender-diz-deputada-contra-o-aborto.html\">contra o aborto<\/a><\/strong>&nbsp;no domingo (8) em Belo Horizonte, Minas Geras.<\/p>\n\n\n\n<p>Vestindo branco e carregando bal\u00f5es, centenas de fam\u00edlias marcharam em defesa da vida. Muitas crian\u00e7as e beb\u00eas em carrinhos participaram do evento. \u201cVida sim, aborto n\u00e3o\u201d, afirmaram os manifestantes.<\/p>\n\n\n\n<p>Guiados pelo deputado federal Nikolas Ferreira (PL), a multid\u00e3o ainda orou o \u201cPai Nosso\u201d de joelhos na rua.<\/p>\n\n\n\n<p>\u201cBH deu seu recado: somos contra o aborto! Vida sim!\u201d, declarou Nikolas, em postagem no Instagram.<\/p>\n\n\n\n<p>A \u201cCaminhada pela Vida\u201d foi organizada por pol\u00edticos conservadores do estado e grupos crist\u00e3os, e contou com a participa\u00e7\u00e3o do ex-presidente Jair Bolsonaro e Michele Bolsonaro.<\/p>\n\n\n\n<p>Manifesta\u00e7\u00f5es pr\u00f3-vida tamb\u00e9m aconteceram em outras cidades no domingo (8), incluindo S\u00e3o Paulo e Bras\u00edlia.<\/p>\n\n\n\n<p><strong>Legaliza\u00e7\u00e3o do aborto<\/strong><\/p>\n\n\n\n<p>A descriminaliza\u00e7\u00e3o do aborto at\u00e9 a 12\u00aa semana de gesta\u00e7\u00e3o entrou em julgamento no Supremo Tribunal Federal (<strong><a href=\"https:\/\/guiame.com.br\/gospel\/noticias\/quem-sao-os-ministros-do-stf-contrarios-descriminalizacao-do-aborto.html\">STF<\/a><\/strong>) em setembro.<\/p>\n\n\n\n<p>Atualmente, o julgamento est\u00e1 paralizado. O novo presidente do Supremo, ministro Luis Roberto Barroso, afirmou que &#8220;n\u00e3o h\u00e1 previs\u00e3o do retorno desse julgamento por enquanto&#8221; no Plen\u00e1rio Virtual do STF, e que o assunto ainda precisa ser mais debatido na sociedade.<\/p>\n\n\n\n<p>No Brasil, o aborto \u00e9 considerado crime, sendo permitido sem puni\u00e7\u00e3o em situa\u00e7\u00f5es de gravidez resultante de estupro, risco \u00e0 vida da mulher ou anencefalia do feto.<\/p>\n\n\n\n<p>Uma pesquisa recente, realizada pelo IPEC, apontou que&nbsp;<strong><a href=\"https:\/\/guiame.com.br\/gospel\/noticias\/70-dos-brasileiros-sao-contra-legalizacao-do-aborto-aponta-pesquisa.html\">70% dos brasileiros<\/a><\/strong>&nbsp;s\u00e3o contra a legaliza\u00e7\u00e3o o aborto.<\/p>\n\n\n\n<p><a href=\"https:\/\/www.instagram.com\/p\/CyJG4bdOXRP\/\">https:\/\/www.instagram.com\/p\/CyJG4bdOXRP\/<\/a><\/p>\n","protected":false},"excerpt":{"rendered":"<p>Centenas de pessoas protestaram&nbsp;contra o aborto&nbsp;no domingo (8) em Belo Horizonte, Minas Geras. Vestindo branco e carregando bal\u00f5es, centenas de fam\u00edlias marcharam em defesa da vida. Muitas crian\u00e7as e beb\u00eas em carrinhos participaram do evento. \u201cVida sim, aborto n\u00e3o\u201d, afirmaram os manifestantes. Guiados pelo deputado federal Nikolas Ferreira (PL), a multid\u00e3o ainda orou o \u201cPai [&hellip;]<\/p>\n","protected":false},"author":2,"featured_media":17388,"comment_status":"open","ping_status":"open","sticky":false,"template":"","format":"standard","meta":[],"categories":[11,12],"tags":[13],"_links":{"self":[{"href":"https:\/\/dgospel.com.br\/portal\/index.php\/wp-json\/wp\/v2\/posts\/17387"}],"collection":[{"href":"https:\/\/dgospel.com.br\/portal\/index.php\/wp-json\/wp\/v2\/posts"}],"about":[{"href":"https:\/\/dgospel.com.br\/portal\/index.php\/wp-json\/wp\/v2\/types\/post"}],"author":[{"embeddable":true,"href":"https:\/\/dgospel.com.br\/portal\/index.php\/wp-json\/wp\/v2\/users\/2"}],"replies":[{"embeddable":true,"href":"https:\/\/dgospel.com.br\/portal\/index.php\/wp-json\/wp\/v2\/comments?post=17387"}],"version-history":[{"count":2,"href":"https:\/\/dgospel.com.br\/portal\/index.php\/wp-json\/wp\/v2\/posts\/17387\/revisions"}],"predecessor-version":[{"id":17431,"href":"https:\/\/dgospel.com.br\/portal\/index.php\/wp-json\/wp\/v2\/posts\/17387\/revisions\/17431"}],"wp:featuredmedia":[{"embeddable":true,"href":"https:\/\/dgospel.com.br\/portal\/index.php\/wp-json\/wp\/v2\/media\/17388"}],"wp:attachment":[{"href":"https:\/\/dgospel.com.br\/portal\/index.php\/wp-json\/wp\/v2\/media?parent=17387"}],"wp:term":[{"taxonomy":"category","embeddable":true,"href":"https:\/\/dgospel.com.br\/portal\/index.php\/wp-json\/wp\/v2\/categories?post=17387"},{"taxonomy":"post_tag","embeddable":true,"href":"https:\/\/dgospel.com.br\/portal\/index.php\/wp-json\/wp\/v2\/tags?post=17387"}],"curies":[{"name":"wp","href":"https:\/\/api.w.org\/{rel}","templated":true}]}}