{"id":17390,"date":"2023-10-09T21:46:40","date_gmt":"2023-10-10T00:46:40","guid":{"rendered":"http:\/\/dgospel.com.br\/portal\/?p=17390"},"modified":"2023-10-13T11:41:10","modified_gmt":"2023-10-13T14:41:10","slug":"estamos-em-guerra-israel-sofre-ataque-ao-fim-da-festa-dos-tabernaculos","status":"publish","type":"post","link":"https:\/\/dgospel.com.br\/portal\/index.php\/2023\/10\/09\/estamos-em-guerra-israel-sofre-ataque-ao-fim-da-festa-dos-tabernaculos\/","title":{"rendered":"\u201cEstamos em guerra\u201d: Israel sofre ataque ao fim da Festa dos Tabern\u00e1culos"},"content":{"rendered":"\n<p>O primeiro-ministro&nbsp;<strong><a href=\"https:\/\/guiame.com.br\/gospel\/israel\/apos-ataques-jerusalem-israel-eleva-alerta-de-terrorismo-ao-nivel-mais-alto.html\">Benjamim Netanyahu<\/a><\/strong>&nbsp;fez um pronunciamento neste s\u00e1bado (07) declarando que Israel est\u00e1 &#8220;em guerra&#8221;, enquanto militantes palestinos lan\u00e7am ataque a\u00e9reo e terrestre surpresa de Gaza.<\/p>\n\n\n\n<p>H\u00e1 relatos de sequestros de civis em solo israelense, que est\u00e3o sendo levados pelos terroristas para a Faixa de Gaza.<\/p>\n\n\n\n<p>O an\u00fancio aconteceu ap\u00f3s militantes palestinos em Gaza dispararem uma enxurrada mortal de foguetes e enviar homens armados para o territ\u00f3rio israelense em uma grande escalada do longo conflito entre os dois lados.<\/p>\n\n\n\n<p>Netanyahu prometeu que o Hamas &#8220;pagar\u00e1 um pre\u00e7o que nunca soube &#8221; pelo ataque. Em uma mensagem de v\u00eddeo, ele declarou: &#8220;Cidad\u00e3os de Israel, estamos em guerra \u2013 n\u00e3o em uma opera\u00e7\u00e3o, n\u00e3o em rodadas \u2013 em guerra&#8221;.<\/p>\n\n\n\n<blockquote class=\"wp-block-quote\"><p>Since this morning, the State of Israel has been at war. Our first objective is to clear out the hostile forces that infiltrated our territory and restore the security and quiet to the communities that have been attacked.<br><br>The second objective, at the same time, is to exact an\u2026&nbsp;<a href=\"https:\/\/t.co\/MzKs7tfv4M\">pic.twitter.com\/MzKs7tfv4M<\/a>\u2014 Benjamin Netanyahu &#8211; \u05d1\u05e0\u05d9\u05de\u05d9\u05df \u05e0\u05ea\u05e0\u05d9\u05d4\u05d5 (@netanyahu)&nbsp;<a href=\"https:\/\/twitter.com\/netanyahu\/status\/1710631847879717236?ref_src=twsrc%5Etfw\">October 7, 2023<\/a><\/p><\/blockquote>\n\n\n\n<p>O ataque surpresa ocorrido nas primeiras horas da manh\u00e3 resultou em pelo menos 40 mortes e mais de 770 feridos, conforme relatado pelos socorristas do Magen David Adom (MDA) de Israel.<\/p>\n\n\n\n<p>Este ataque aconteceu no fim da Festa dos Tabern\u00e1culos (Sucot) e coincidiu com o 50\u00ba anivers\u00e1rio da Guerra de 1973, na qual os estados \u00e1rabes lan\u00e7aram um ataque contra Israel no&nbsp;<strong><a href=\"https:\/\/guiame.com.br\/colunistas\/mario-moreno\/yom-kipur-o-dia-mais-sagrado-no-judaismo.html\">Yom Kippur<\/a><\/strong>, o dia mais sagrado do calend\u00e1rio judaico.<\/p>\n\n\n\n<p>O presidente Isaac Herzog pede que a comunidade internacional se una em sua condena\u00e7\u00e3o ao Hamas depois que o grupo terrorista com sede em Gaza lan\u00e7ou o ataque mortal.<\/p>\n\n\n\n<p>&#8220;Hoje vimos a verdadeira face do Hamas. Um ex\u00e9rcito terrorista cujo \u00fanico objetivo \u00e9 o assassinato a sangue frio de homens, mulheres e crian\u00e7as inocentes\u201d, disse.<\/p>\n\n\n\n<p><img src=\"https:\/\/thumbor.guiame.com.br\/unsafe\/smart\/https:\/\/media.guiame.com.br\/archives\/2023\/10\/07\/1012947943-guerra-israel.png\" alt=\"\" width=\"600\"><sup>Israel sofre ataque por foguetes do Hamas. (Captura de tela\/YouTube\/Bloomberg)<\/sup><\/p>\n\n\n\n<p>\u201cApoiados e dirigidos por seus comandantes de procura\u00e7\u00e3o no&nbsp;<strong><a href=\"https:\/\/guiame.com.br\/gospel\/israel\/netanyahu-compara-defesa-de-israel-contra-o-ira-historia-de-ester.html\">Ir\u00e3<\/a><\/strong>, eles realizaram um ataque hediondo n\u00e3o provocado contra o Estado judeu em um dia sagrado judaico. Civis inocentes foram massacrados e feridos, e muitos ainda est\u00e3o sob ataque&#8221;, disse Herzog em comunicado.<\/p>\n\n\n\n<p><strong>Disparos de Gaza<\/strong><\/p>\n\n\n\n<p>Segundo informa\u00e7\u00f5es das For\u00e7as Armadas de Israel, aproximadamente 2.200 foguetes foram disparados a partir da Faixa de Gaza em dire\u00e7\u00e3o a Israel nesta manh\u00e3. Simultaneamente, homens armados conseguiram atravessar a fronteira sul de Israel em um ataque terrestre.<\/p>\n\n\n\n<p>O Hamas, o grupo militante palestino que governa a Faixa de Gaza, reivindicou a autoria do ataque. Os terroristas afirmaram que capturaram v\u00e1rios soldados israelenses nas proximidades da fronteira, depois que seus combatentes ingressaram em Israel por meio de opera\u00e7\u00f5es terrestres, mar\u00edtimas e a\u00e9reas, incluindo o uso de parapentes.<\/p>\n\n\n\n<p><img src=\"https:\/\/thumbor.guiame.com.br\/unsafe\/smart\/https:\/\/media.guiame.com.br\/archives\/2023\/10\/07\/4107390260-guerra-israel.png\" alt=\"\" width=\"600\"><sup>Terroristas invadem Israel em ataques terrestres. (Captura de tela\/YouTube\/Guardian)<\/sup><\/p>\n\n\n\n<p>No entanto, as For\u00e7as Armadas de Israel n\u00e3o confirmaram oficialmente os relatos sobre soldados capturados at\u00e9 o momento.<\/p>\n\n\n\n<p>Um v\u00eddeo divulgado pela Reuters mostra indiv\u00edduos palestinos supostamente armados retirando um soldado israelense de um ve\u00edculo blindado pr\u00f3ximo \u00e0 cerca de Gaza.<\/p>\n\n\n\n<p>O Magen David Adom (MDA) tamb\u00e9m relatou que uma de suas ambul\u00e2ncias foi levada para a Faixa de Gaza. Isso destaca a complexidade da situa\u00e7\u00e3o em andamento e os desafios enfrentados pelas equipes de resgate e socorro durante esse per\u00edodo tenso na regi\u00e3o.<\/p>\n\n\n\n<p>Batizada de &#8220;M\u00e1drup\u00e7\u00e3o de Al-Aqsa&#8221;, o comandante militar do Hamas, Muhammad Al-Deif, declarou em uma mensagem gravada que o grupo &#8220;alvejou as posi\u00e7\u00f5es inimigas, aeroportos e instala\u00e7\u00f5es militares com 5.000 foguetes&#8221;.<\/p>\n\n\n\n<p>Ele justificou esse ataque a Israel como uma resposta aos ataques dirigidos contra mulheres, \u00e0 profana\u00e7\u00e3o da Mesquita de Al-Aqsa em Jerusal\u00e9m e ao bloqueio cont\u00ednuo de Gaza.<\/p>\n\n\n\n<p><strong>Resposta aos ataques<\/strong><\/p>\n\n\n\n<p>Em rea\u00e7\u00e3o, as For\u00e7as de Defesa de Israel (IDF) comunicaram ter realizado ataques contra diversos alvos do Hamas na Faixa de Gaza.<\/p>\n\n\n\n<p>Al\u00e9m disso, anunciaram a convoca\u00e7\u00e3o de milhares de reservistas como parte de suas medidas de resposta \u00e0 escalada do conflito. A situa\u00e7\u00e3o continua a evoluir, e ambos os lados parecem estar se preparando para um conflito mais amplo.<\/p>\n\n\n\n<p>O porta-voz da IDF, tenente-coronel Richard Hecht, afirmou em um briefing que as for\u00e7as israelenses &#8220;est\u00e3o atualmente envolvidas em combates no terreno&#8221;, mencionando pelo menos meia d\u00fazia de locais onde os confrontos est\u00e3o ocorrendo.<\/p>\n\n\n\n<p>Isso inclui v\u00e1rias aldeias, duas bases do Ex\u00e9rcito e passagens de fronteira. A situa\u00e7\u00e3o est\u00e1 em constante desenvolvimento e continua a ser uma fonte de preocupa\u00e7\u00e3o e aten\u00e7\u00e3o internacional.<\/p>\n\n\n\n<p>Moradores locais relataram \u00e0s emissoras israelenses que alguns militantes est\u00e3o tentando invadir suas casas e buscando aux\u00edlio das for\u00e7as israelenses.<\/p>\n\n\n\n<p>Esse tipo de situa\u00e7\u00e3o demonstra o qu\u00e3o complicada e perigosa a situa\u00e7\u00e3o se tornou, com impactos diretos na vida dos civis que residem na \u00e1rea afetada pelo conflito.<\/p>\n\n\n\n<p>A IDF alertou os israelenses que vivem perto de Gaza para ficar em suas casas ou ir para abrigos.<\/p>\n\n\n\n<figure class=\"wp-block-embed is-type-video is-provider-youtube wp-block-embed-youtube wp-embed-aspect-16-9 wp-has-aspect-ratio\"><div class=\"wp-block-embed__wrapper\">\n<iframe loading=\"lazy\" title=\"Israel Declares State of Alert for War After Rockets Launched From Gaza\" width=\"630\" height=\"354\" src=\"https:\/\/www.youtube.com\/embed\/Xcwl-nK0ziw?feature=oembed\" frameborder=\"0\" allow=\"accelerometer; autoplay; clipboard-write; encrypted-media; gyroscope; picture-in-picture; web-share\" allowfullscreen><\/iframe>\n<\/div><\/figure>\n\n\n\n<p><\/p>\n","protected":false},"excerpt":{"rendered":"<p>O primeiro-ministro&nbsp;Benjamim Netanyahu&nbsp;fez um pronunciamento neste s\u00e1bado (07) declarando que Israel est\u00e1 &#8220;em guerra&#8221;, enquanto militantes palestinos lan\u00e7am ataque a\u00e9reo e terrestre surpresa de Gaza. H\u00e1 relatos de sequestros de civis em solo israelense, que est\u00e3o sendo levados pelos terroristas para a Faixa de Gaza. O an\u00fancio aconteceu ap\u00f3s militantes palestinos em Gaza dispararem uma [&hellip;]<\/p>\n","protected":false},"author":2,"featured_media":17391,"comment_status":"open","ping_status":"open","sticky":false,"template":"","format":"standard","meta":[],"categories":[11,12],"tags":[],"_links":{"self":[{"href":"https:\/\/dgospel.com.br\/portal\/index.php\/wp-json\/wp\/v2\/posts\/17390"}],"collection":[{"href":"https:\/\/dgospel.com.br\/portal\/index.php\/wp-json\/wp\/v2\/posts"}],"about":[{"href":"https:\/\/dgospel.com.br\/portal\/index.php\/wp-json\/wp\/v2\/types\/post"}],"author":[{"embeddable":true,"href":"https:\/\/dgospel.com.br\/portal\/index.php\/wp-json\/wp\/v2\/users\/2"}],"replies":[{"embeddable":true,"href":"https:\/\/dgospel.com.br\/portal\/index.php\/wp-json\/wp\/v2\/comments?post=17390"}],"version-history":[{"count":1,"href":"https:\/\/dgospel.com.br\/portal\/index.php\/wp-json\/wp\/v2\/posts\/17390\/revisions"}],"predecessor-version":[{"id":17392,"href":"https:\/\/dgospel.com.br\/portal\/index.php\/wp-json\/wp\/v2\/posts\/17390\/revisions\/17392"}],"wp:featuredmedia":[{"embeddable":true,"href":"https:\/\/dgospel.com.br\/portal\/index.php\/wp-json\/wp\/v2\/media\/17391"}],"wp:attachment":[{"href":"https:\/\/dgospel.com.br\/portal\/index.php\/wp-json\/wp\/v2\/media?parent=17390"}],"wp:term":[{"taxonomy":"category","embeddable":true,"href":"https:\/\/dgospel.com.br\/portal\/index.php\/wp-json\/wp\/v2\/categories?post=17390"},{"taxonomy":"post_tag","embeddable":true,"href":"https:\/\/dgospel.com.br\/portal\/index.php\/wp-json\/wp\/v2\/tags?post=17390"}],"curies":[{"name":"wp","href":"https:\/\/api.w.org\/{rel}","templated":true}]}}