{"id":17393,"date":"2023-10-09T21:48:02","date_gmt":"2023-10-10T00:48:02","guid":{"rendered":"http:\/\/dgospel.com.br\/portal\/?p=17393"},"modified":"2023-10-09T21:48:03","modified_gmt":"2023-10-10T00:48:03","slug":"academia-brasileira-de-letras-nao-apoia-uso-da-linguagem-neutra","status":"publish","type":"post","link":"https:\/\/dgospel.com.br\/portal\/index.php\/2023\/10\/09\/academia-brasileira-de-letras-nao-apoia-uso-da-linguagem-neutra\/","title":{"rendered":"Academia Brasileira de Letras n\u00e3o apoia uso da linguagem neutra"},"content":{"rendered":"\n<p>A Academia Brasileira de Letras (ABL) se posicionou contra o&nbsp;<strong><a href=\"https:\/\/guiame.com.br\/gospel\/noticias\/lei-que-proibe-pronome-neutro-entra-em-vigor-em-bh.html\">uso da linguagem neutra<\/a><\/strong>, durante uma reuni\u00e3o p\u00fablica realizada pelo Conselho Nacional de Educa\u00e7\u00e3o, na \u00faltima ter\u00e7a-feira (3).<\/p>\n\n\n\n<p>Na ocasi\u00e3o, o presidente da ABL, Merval Pereira, afirmou que n\u00e3o \u00e9 o momento para a linguagem neutra entrar oficialmente na l\u00edngua portuguesa.<\/p>\n\n\n\n<p>Merval explicou que a Academia est\u00e1 analisando o assunto com cuidado e que a linguagem neutra ainda \u00e9 um fen\u00f4meno novo e de nicho. Para a ABL, a mudan\u00e7a seria complexa, porque alteraria a estrutura do portugu\u00eas brasileiro.&nbsp;<\/p>\n\n\n\n<p><strong>Linguagem neutra na sala de aula<\/strong><\/p>\n\n\n\n<p>Sobre a ado\u00e7\u00e3o da linguagem neutra em documentos oficiais, Merval ponderou que esses casos n\u00e3o estar\u00e3o dentro do padr\u00e3o da l\u00edngua culta.<\/p>\n\n\n\n<p>Ele tamb\u00e9m afirmou que professores n\u00e3o poder\u00e3o obrigar<a href=\"https:\/\/guiame.com.br\/gospel\/mundo-cristao\/pra-daniela-linhares-e-intimada-por-protestar-contra-linguagem-neutra-nas-escolas.html\"><strong>&nbsp;alunos<\/strong>&nbsp;<\/a>a usarem a linguagem neutra.<\/p>\n\n\n\n<p>\u201cOs documentos oficiais devem seguir as normas oficiais que est\u00e3o vigentes. Se o professor quiser falar \u2018todes\u2019 na sala de aula, ele estar\u00e1 prejudicando a maioria dos alunos que n\u00e3o sabe o que \u00e9 isso. Ele tamb\u00e9m n\u00e3o pode obrigar os alunos a usarem a linguagem neutra, porque n\u00e3o h\u00e1 nada que obrigue a isso\u201d, declarou o presidente.<\/p>\n\n\n\n<p>Pereira ainda declarou que a decis\u00e3o de usar ou n\u00e3o a linguagem neutra cabe ao Minist\u00e9rio P\u00fablico e n\u00e3o a Academia de Letras.<\/p>\n\n\n\n<p>O presidente concluiu, afirmando que a posi\u00e7\u00e3o da ABL n\u00e3o \u00e9 definitiva e que o tema precisa de mais tempo para ser avaliado.<\/p>\n\n\n\n<p>\u201cA gente tem que ficar atento \u00e0 continuidade do uso ou n\u00e3o dessa linguagem, ver at\u00e9 que ponto ela pode se ampliar na sociedade, fora do nicho na qual nasceu e que, no momento, s\u00f3 pessoas ligadas a esse nicho usam\u201d, explicou Merval Pereira.<\/p>\n\n\n\n<p>V\u00e1rias cidades no Brasil j\u00e1 proibiram o uso da linguagem neutra em escolas e em materiais did\u00e1ticos, como Belo Horizonte, Recife e&nbsp;<strong><a href=\"https:\/\/guiame.com.br\/gospel\/noticias\/petropolis-proibe-linguagem-neutra-em-materiais-didaticos-sem-vies-politico-ideologico.html\">Petr\u00f3polis<\/a><\/strong>.<\/p>\n","protected":false},"excerpt":{"rendered":"<p>A Academia Brasileira de Letras (ABL) se posicionou contra o&nbsp;uso da linguagem neutra, durante uma reuni\u00e3o p\u00fablica realizada pelo Conselho Nacional de Educa\u00e7\u00e3o, na \u00faltima ter\u00e7a-feira (3). Na ocasi\u00e3o, o presidente da ABL, Merval Pereira, afirmou que n\u00e3o \u00e9 o momento para a linguagem neutra entrar oficialmente na l\u00edngua portuguesa. Merval explicou que a Academia [&hellip;]<\/p>\n","protected":false},"author":2,"featured_media":17394,"comment_status":"open","ping_status":"open","sticky":false,"template":"","format":"standard","meta":[],"categories":[10],"tags":[],"_links":{"self":[{"href":"https:\/\/dgospel.com.br\/portal\/index.php\/wp-json\/wp\/v2\/posts\/17393"}],"collection":[{"href":"https:\/\/dgospel.com.br\/portal\/index.php\/wp-json\/wp\/v2\/posts"}],"about":[{"href":"https:\/\/dgospel.com.br\/portal\/index.php\/wp-json\/wp\/v2\/types\/post"}],"author":[{"embeddable":true,"href":"https:\/\/dgospel.com.br\/portal\/index.php\/wp-json\/wp\/v2\/users\/2"}],"replies":[{"embeddable":true,"href":"https:\/\/dgospel.com.br\/portal\/index.php\/wp-json\/wp\/v2\/comments?post=17393"}],"version-history":[{"count":1,"href":"https:\/\/dgospel.com.br\/portal\/index.php\/wp-json\/wp\/v2\/posts\/17393\/revisions"}],"predecessor-version":[{"id":17395,"href":"https:\/\/dgospel.com.br\/portal\/index.php\/wp-json\/wp\/v2\/posts\/17393\/revisions\/17395"}],"wp:featuredmedia":[{"embeddable":true,"href":"https:\/\/dgospel.com.br\/portal\/index.php\/wp-json\/wp\/v2\/media\/17394"}],"wp:attachment":[{"href":"https:\/\/dgospel.com.br\/portal\/index.php\/wp-json\/wp\/v2\/media?parent=17393"}],"wp:term":[{"taxonomy":"category","embeddable":true,"href":"https:\/\/dgospel.com.br\/portal\/index.php\/wp-json\/wp\/v2\/categories?post=17393"},{"taxonomy":"post_tag","embeddable":true,"href":"https:\/\/dgospel.com.br\/portal\/index.php\/wp-json\/wp\/v2\/tags?post=17393"}],"curies":[{"name":"wp","href":"https:\/\/api.w.org\/{rel}","templated":true}]}}