{"id":17399,"date":"2023-10-09T21:50:50","date_gmt":"2023-10-10T00:50:50","guid":{"rendered":"http:\/\/dgospel.com.br\/portal\/?p=17399"},"modified":"2023-10-13T11:40:37","modified_gmt":"2023-10-13T14:40:37","slug":"hamas-arrasta-outros-grupos-terroristas-para-a-guerra-em-israel","status":"publish","type":"post","link":"https:\/\/dgospel.com.br\/portal\/index.php\/2023\/10\/09\/hamas-arrasta-outros-grupos-terroristas-para-a-guerra-em-israel\/","title":{"rendered":"Hamas arrasta outros grupos terroristas para a guerra em Israel"},"content":{"rendered":"\n<p>A&nbsp;<strong><a href=\"https:\/\/guiame.com.br\/gospel\/israel\/estamos-em-guerra-israel-sofre-ataque-ao-fim-da-festa-dos-tabernaculos.html\">guerra em Israel<\/a><\/strong>&nbsp;entra no terceiro dia com mais de mil mortos, 4 mil feridos e cerco \u00e0 Faixa de Gaza, de onde partiram os terroristas do Hamas, que assumiram os ataques dentro do territ\u00f3rio israelense.<\/p>\n\n\n\n<p>Os ataques do grupo terrorista palestino contra o Estado de Israel foram iniciados na manh\u00e3 de s\u00e1bado (07), com a\u00e7\u00f5es que surpreenderam a intelig\u00eancia e o ex\u00e9rcito israelense, que j\u00e1 est\u00e3o sendo chamadas de o \u201c11 de Setembro de Israel\u201d.<\/p>\n\n\n\n<p>As invas\u00f5es ousadas e sem precedentes foram marcadas por viol\u00eancia extrema, com incurs\u00f5es em kibutz, que s\u00e3o assentamentos agr\u00edcolas e comunit\u00e1rios, al\u00e9m de ataques aleat\u00f3rios nas ruas e com\u00e9rcio das cidades do sul, pr\u00f3ximas \u00e0 Faixa de Gaza.<\/p>\n\n\n\n<p>Os terroristas do Hamas invadiram Israel por terra, ar e mar: algo que nunca havia acontecido e que chocou a popula\u00e7\u00e3o, que num primeiro momento, n\u00e3o conseguia entender o que estava acontecendo, segundo relatos de moradores.<\/p>\n\n\n\n<p><img src=\"https:\/\/thumbor.guiame.com.br\/unsafe\/smart\/https:\/\/media.guiame.com.br\/archives\/2023\/10\/09\/1251173084-hamas.jpg\" alt=\"\" width=\"600\"><sup>Hamas durante invas\u00e3o a Israel. (Captura de tela\/G1)<\/sup><\/p>\n\n\n\n<p>Eles entraram em casas, mataram fam\u00edlias inteiras, incluindo idosos e crian\u00e7as. Os terroristas tamb\u00e9m fizeram dezenas de ref\u00e9ns, que foram levados para Gaza, onde possivelmente ser\u00e3o negociados em troca de prisioneiros do Hamas em Israel.<\/p>\n\n\n\n<p>Segundo informa\u00e7\u00f5es da CNN, h\u00e1 mais de 7.000 integrantes do Hamas em pris\u00f5es israelenses.<\/p>\n\n\n\n<p>Al\u00e9m do Hamas, outros grupos terroristas confirmaram envolvimento no conflito, n\u00e3o apenas celebrando os ataques contra Israel, mas com participa\u00e7\u00f5es:<\/p>\n\n\n\n<p><strong>Hezbollah \u2013 Grupo terrorista do L\u00edbano<\/strong><\/p>\n\n\n\n<p>Um dia ap\u00f3s o ataque do Hamas contra o Estado de Israel, o&nbsp;<strong><a href=\"https:\/\/guiame.com.br\/gospel\/israel\/ira-ajudou-o-grupo-terrorista-hamas-planejar-ataque-contra-israel.html\">Hezbollah<\/a><\/strong>,&nbsp;conhecido como &#8220;Resist\u00eancia Isl\u00e2mica&#8221;, lan\u00e7ou uma s\u00e9rie de m\u00edsseis e artilharia em dire\u00e7\u00e3o a tr\u00eas locais nos campos de Shabaa, uma regi\u00e3o disputada na fronteira entre os dois pa\u00edses, informou o Globo.<\/p>\n\n\n\n<p>At\u00e9 o momento, n\u00e3o h\u00e1 relatos de v\u00edtimas. O l\u00edder do grupo armado no L\u00edbano, Hashem Safi al-Din, tamb\u00e9m responsabilizou os Estados Unidos e Israel pelo conflito, transmitindo uma mensagem aos pa\u00edses neste domingo (08).<\/p>\n\n\n\n<p>Conforme relatado pelo grupo armado e tamb\u00e9m partido pol\u00edtico do L\u00edbano, o ataque foi realizado em sinal de &#8220;solidariedade&#8221; ao povo palestino, em resposta \u00e0 a\u00e7\u00e3o terrorista lan\u00e7ada pelo Hamas no s\u00e1bado.<\/p>\n\n\n\n<p>Em rea\u00e7\u00e3o ao ataque, as For\u00e7as Armadas israelenses comunicaram ter realizado um ataque com um drone contra uma &#8220;infraestrutura terrorista do Hezbollah&#8221; em Har Dov, uma \u00e1rea na fronteira.<\/p>\n\n\n\n<p>As tens\u00f5es continuaram com uma segunda troca de tiros entre as for\u00e7as israelenses e o Hezbollah no vilarejo de Kfar Shouba, localizado no sul do L\u00edbano. Informa\u00e7\u00f5es obtidas pela Reuters indicaram que o governo liban\u00eas aumentou a seguran\u00e7a na regi\u00e3o em resposta aos acontecimentos recentes.<\/p>\n\n\n\n<p><strong>Jihad Isl\u00e2mica \u2013 Grupo terrorista palestino<\/strong><\/p>\n\n\n\n<p>A&nbsp;<strong><a href=\"https:\/\/guiame.com.br\/gospel\/israel\/jihad-islamica-lanca-mais-de-1100-foguetes-contra-israel-em-3-dias-de-combates.html\">Jihad Isl\u00e2mica<\/a><\/strong>, um grupo extremista isl\u00e2mico armado aliado ao Hamas, assumiu sua participa\u00e7\u00e3o na guerra por estar com ref\u00e9ns israelenses.<\/p>\n\n\n\n<p>Ziad al-Nakhala, o l\u00edder da Jihad Isl\u00e2mica, declarou neste domingo (08) que eles est\u00e3o mantendo mais de 30 ref\u00e9ns que foram sequestrados. Essa revela\u00e7\u00e3o acrescenta uma dimens\u00e3o preocupante \u00e0 situa\u00e7\u00e3o em curso e destaca a necessidade de aten\u00e7\u00e3o imediata por parte das autoridades e da comunidade internacional para garantir a seguran\u00e7a e o bem-estar dos ref\u00e9ns e buscar uma solu\u00e7\u00e3o pac\u00edfica para a crise.<\/p>\n\n\n\n<p><img src=\"https:\/\/thumbor.guiame.com.br\/unsafe\/smart\/https:\/\/media.guiame.com.br\/archives\/2023\/10\/09\/4037341693-jirah-islamica.jpg\" alt=\"\" width=\"600\"><sup>Porta-voz da Jihad Isl\u00e2mica Palestina. (Captura de tela\/CDN)<\/sup><\/p>\n\n\n\n<p>Embora a Jihad Isl\u00e2mica seja uma organiza\u00e7\u00e3o separada, \u00e9 importante notar que, ocasionalmente, se alia ao Hamas para realizar a\u00e7\u00f5es conjuntas em sua luta contra Israel.<\/p>\n\n\n\n<p>A manuten\u00e7\u00e3o de ref\u00e9ns \u00e9 uma viola\u00e7\u00e3o grave dos direitos humanos e exige uma resposta coordenada e eficaz para sua liberta\u00e7\u00e3o e a resolu\u00e7\u00e3o do conflito em quest\u00e3o.<\/p>\n\n\n\n<p>Segundo a imprensa internacional, o Hamas tem posse de mais de 70 ref\u00e9ns.<\/p>\n\n\n\n<p>H\u00e1 ainda informa\u00e7\u00f5es, ainda n\u00e3o confirmadas, de que o grupo terrorista Talib\u00e3 possa participar das a\u00e7\u00f5es contra Israel.<\/p>\n","protected":false},"excerpt":{"rendered":"<p>A&nbsp;guerra em Israel&nbsp;entra no terceiro dia com mais de mil mortos, 4 mil feridos e cerco \u00e0 Faixa de Gaza, de onde partiram os terroristas do Hamas, que assumiram os ataques dentro do territ\u00f3rio israelense. Os ataques do grupo terrorista palestino contra o Estado de Israel foram iniciados na manh\u00e3 de s\u00e1bado (07), com a\u00e7\u00f5es [&hellip;]<\/p>\n","protected":false},"author":2,"featured_media":17400,"comment_status":"open","ping_status":"open","sticky":false,"template":"","format":"standard","meta":[],"categories":[16],"tags":[],"_links":{"self":[{"href":"https:\/\/dgospel.com.br\/portal\/index.php\/wp-json\/wp\/v2\/posts\/17399"}],"collection":[{"href":"https:\/\/dgospel.com.br\/portal\/index.php\/wp-json\/wp\/v2\/posts"}],"about":[{"href":"https:\/\/dgospel.com.br\/portal\/index.php\/wp-json\/wp\/v2\/types\/post"}],"author":[{"embeddable":true,"href":"https:\/\/dgospel.com.br\/portal\/index.php\/wp-json\/wp\/v2\/users\/2"}],"replies":[{"embeddable":true,"href":"https:\/\/dgospel.com.br\/portal\/index.php\/wp-json\/wp\/v2\/comments?post=17399"}],"version-history":[{"count":1,"href":"https:\/\/dgospel.com.br\/portal\/index.php\/wp-json\/wp\/v2\/posts\/17399\/revisions"}],"predecessor-version":[{"id":17401,"href":"https:\/\/dgospel.com.br\/portal\/index.php\/wp-json\/wp\/v2\/posts\/17399\/revisions\/17401"}],"wp:featuredmedia":[{"embeddable":true,"href":"https:\/\/dgospel.com.br\/portal\/index.php\/wp-json\/wp\/v2\/media\/17400"}],"wp:attachment":[{"href":"https:\/\/dgospel.com.br\/portal\/index.php\/wp-json\/wp\/v2\/media?parent=17399"}],"wp:term":[{"taxonomy":"category","embeddable":true,"href":"https:\/\/dgospel.com.br\/portal\/index.php\/wp-json\/wp\/v2\/categories?post=17399"},{"taxonomy":"post_tag","embeddable":true,"href":"https:\/\/dgospel.com.br\/portal\/index.php\/wp-json\/wp\/v2\/tags?post=17399"}],"curies":[{"name":"wp","href":"https:\/\/api.w.org\/{rel}","templated":true}]}}