{"id":17405,"date":"2023-10-11T20:06:13","date_gmt":"2023-10-11T23:06:13","guid":{"rendered":"http:\/\/dgospel.com.br\/portal\/?p=17405"},"modified":"2023-10-13T11:40:15","modified_gmt":"2023-10-13T14:40:15","slug":"ministerio-da-saude-gastou-quase-r-1-milhao-em-evento-com-danca-erotica","status":"publish","type":"post","link":"https:\/\/dgospel.com.br\/portal\/index.php\/2023\/10\/11\/ministerio-da-saude-gastou-quase-r-1-milhao-em-evento-com-danca-erotica\/","title":{"rendered":"Minist\u00e9rio da Sa\u00fade gastou quase R$ 1 milh\u00e3o em evento com dan\u00e7a er\u00f3tica"},"content":{"rendered":"\n<p>O Minist\u00e9rio da Sa\u00fade gastou pelo menos R$ 973.173,14 para organizar o evento Em Prosa \u2013 1\u00ba Encontro de Mobiliza\u00e7\u00e3o da Promo\u00e7\u00e3o da Sa\u00fade no Brasil, ocorrido em Bras\u00edlia nos dias 4 a 6 de outubro de 2023. O encontro foi criticado gra\u00e7as ao v\u00eddeo de uma dan\u00e7arina fazendo uma performance de dan\u00e7a er\u00f3tica no centro do palco ao som de um m\u00fasica com teor pornogr\u00e1fico, da drag queen Aretuza Lovi.<\/p>\n\n\n\n<p>Os gastos constam de documentos internos da pasta obtidos pelo Estad\u00e3o. O evento gerou fortes cr\u00edticas. Nas redes sociais, grupos de oposi\u00e7\u00e3o chegaram a promover a hashtag \u201cViva o CUS\u201d como forma de ironizar o epis\u00f3dio \u2013 a m\u00fasica tocada no evento chama-se&nbsp;<em>Batcu<\/em>.<\/p>\n\n\n\n<p>Na \u00faltima sexta-feira (11), o Minist\u00e9rio da Sa\u00fade informou ao site Metr\u00f3poles que o cach\u00ea do grupo respons\u00e1vel pela apresenta\u00e7\u00e3o er\u00f3tica custou R$ 2 mil. A performance era uma apresenta\u00e7\u00e3o de voguing, um estilo de dan\u00e7a surgido nos EUA e que se popularizou na d\u00e9cada de 80.<\/p>\n\n\n\n<p>O valor de quase R$ 1 milh\u00e3o foi pago \u00e0 GUC Ag\u00eancia de Eventos, uma empresa sediada no bairro de Botafogo, no Rio de Janeiro. O pre\u00e7o inclui hospedagem e alimenta\u00e7\u00e3o (caf\u00e9 da manh\u00e3, almo\u00e7o e janta) para os participantes, al\u00e9m do aluguel de cadeiras, mesas de som, ilumina\u00e7\u00e3o e da contrata\u00e7\u00e3o de brigadistas, gar\u00e7ons, auxiliares, recepcionistas e das pr\u00f3prias companhias de dan\u00e7a.<\/p>\n\n\n\n<p>O espa\u00e7o escolhido foi o Centro Internacional de Conven\u00e7\u00f5es de Bras\u00edlia (CICB), um dos maiores da cidade.<\/p>\n\n\n\n<p>O encontro foi realizado pelo Departamento de Preven\u00e7\u00e3o e Promo\u00e7\u00e3o da Sa\u00fade da Secretaria de Aten\u00e7\u00e3o Prim\u00e1ria \u00e0 Sa\u00fade, em parceria com a Organiza\u00e7\u00e3o Pan-Americana da Sa\u00fade (OPAS). Ap\u00f3s a repercuss\u00e3o nas redes sociais, a ministra da Sa\u00fade, N\u00edsia Trindade, anunciou a demiss\u00e3o do diretor de Preven\u00e7\u00e3o e Promo\u00e7\u00e3o da Sa\u00fade, Andrey Roosewelt Chagas Lemos. Segundo a ministra, ele assumiu a autoria dos fatos.<\/p>\n\n\n\n<p>O processo interno do Minist\u00e9rio da Sa\u00fade mostra que a produ\u00e7\u00e3o do evento teve a participa\u00e7\u00e3o de Andrey \u2013 \u00e9 dele o primeiro of\u00edcio sobre o assunto, encaminhado em 14 de setembro. No entanto, todas as etapas do processo contaram com a aprova\u00e7\u00e3o do superior hier\u00e1rquico dele, o secret\u00e1rio de Aten\u00e7\u00e3o Prim\u00e1ria \u00e0 Sa\u00fade, N\u00e9sio Fernandes de Medeiros J\u00fanior. A ministra N\u00edsia Trindade n\u00e3o \u00e9 mencionada ao longo das 76 p\u00e1ginas do processo administrativo.<\/p>\n\n\n\n<p>Tamb\u00e9m chama a aten\u00e7\u00e3o a rapidez com que o processo se desenrolou: o processo burocr\u00e1tico teve in\u00edcio no dia 14 de setembro, e as atividades come\u00e7aram em 4 de outubro. O Minist\u00e9rio da Sa\u00fade foi procurado pela reportagem, mas n\u00e3o houve resposta at\u00e9 o momento.<\/p>\n\n\n\n<p>Em nota, a pasta disse \u201clamentar pelo epis\u00f3dio isolado, que n\u00e3o reflete os prop\u00f3sitos do debate sobre a promo\u00e7\u00e3o \u00e0 sa\u00fade\u201d.<\/p>\n\n\n\n<p>\u2013 O Minist\u00e9rio da Sa\u00fade esclarece que o 1\u00ba Encontro de Mobiliza\u00e7\u00e3o para a Promo\u00e7\u00e3o da Sa\u00fade no Brasil tem o objetivo de apoiar a implementa\u00e7\u00e3o da Pol\u00edtica Nacional de Promo\u00e7\u00e3o da Sa\u00fade, com momentos dedicados \u00e0 diversidade cultural, e contou com a participa\u00e7\u00e3o de sete grupos art\u00edsticos durante os intervalos \u2013 diz a pasta.<\/p>\n\n\n\n<p>*AE<\/p>\n","protected":false},"excerpt":{"rendered":"<p>O Minist\u00e9rio da Sa\u00fade gastou pelo menos R$ 973.173,14 para organizar o evento Em Prosa \u2013 1\u00ba Encontro de Mobiliza\u00e7\u00e3o da Promo\u00e7\u00e3o da Sa\u00fade no Brasil, ocorrido em Bras\u00edlia nos dias 4 a 6 de outubro de 2023. O encontro foi criticado gra\u00e7as ao v\u00eddeo de uma dan\u00e7arina fazendo uma performance de dan\u00e7a er\u00f3tica no [&hellip;]<\/p>\n","protected":false},"author":2,"featured_media":17406,"comment_status":"open","ping_status":"open","sticky":false,"template":"","format":"standard","meta":[],"categories":[10],"tags":[],"_links":{"self":[{"href":"https:\/\/dgospel.com.br\/portal\/index.php\/wp-json\/wp\/v2\/posts\/17405"}],"collection":[{"href":"https:\/\/dgospel.com.br\/portal\/index.php\/wp-json\/wp\/v2\/posts"}],"about":[{"href":"https:\/\/dgospel.com.br\/portal\/index.php\/wp-json\/wp\/v2\/types\/post"}],"author":[{"embeddable":true,"href":"https:\/\/dgospel.com.br\/portal\/index.php\/wp-json\/wp\/v2\/users\/2"}],"replies":[{"embeddable":true,"href":"https:\/\/dgospel.com.br\/portal\/index.php\/wp-json\/wp\/v2\/comments?post=17405"}],"version-history":[{"count":2,"href":"https:\/\/dgospel.com.br\/portal\/index.php\/wp-json\/wp\/v2\/posts\/17405\/revisions"}],"predecessor-version":[{"id":17430,"href":"https:\/\/dgospel.com.br\/portal\/index.php\/wp-json\/wp\/v2\/posts\/17405\/revisions\/17430"}],"wp:featuredmedia":[{"embeddable":true,"href":"https:\/\/dgospel.com.br\/portal\/index.php\/wp-json\/wp\/v2\/media\/17406"}],"wp:attachment":[{"href":"https:\/\/dgospel.com.br\/portal\/index.php\/wp-json\/wp\/v2\/media?parent=17405"}],"wp:term":[{"taxonomy":"category","embeddable":true,"href":"https:\/\/dgospel.com.br\/portal\/index.php\/wp-json\/wp\/v2\/categories?post=17405"},{"taxonomy":"post_tag","embeddable":true,"href":"https:\/\/dgospel.com.br\/portal\/index.php\/wp-json\/wp\/v2\/tags?post=17405"}],"curies":[{"name":"wp","href":"https:\/\/api.w.org\/{rel}","templated":true}]}}