{"id":17408,"date":"2023-10-11T20:12:06","date_gmt":"2023-10-11T23:12:06","guid":{"rendered":"http:\/\/dgospel.com.br\/portal\/?p=17408"},"modified":"2023-10-11T20:12:08","modified_gmt":"2023-10-11T23:12:08","slug":"cristao-filho-de-cofundador-do-hamas-expoe-metodos-do-grupo","status":"publish","type":"post","link":"https:\/\/dgospel.com.br\/portal\/index.php\/2023\/10\/11\/cristao-filho-de-cofundador-do-hamas-expoe-metodos-do-grupo\/","title":{"rendered":"Crist\u00e3o, filho de cofundador do Hamas exp\u00f5e m\u00e9todos do grupo"},"content":{"rendered":"\n<p>Circula nas redes sociais, um v\u00eddeo no qual Mosab Hassan Yousef, filho do xeique Hassan Yousef, um dos cofundadores do Hamas, exp\u00f5e as t\u00e1ticas e m\u00e9todos aplicados pelo grupo terrorista.<\/p>\n\n\n\n<p>Hoje crist\u00e3o, Mosab comenta que chegou a ter um papel ativo no Hamas e que foi levado pelos sentimentos de raiva e vingan\u00e7a a agir contra Israel.<\/p>\n\n\n\n<p>Nessa sua jornada como extremista palestino, ele chegou a ser preso e levado para o centro de interrogat\u00f3rios israelenses.<\/p>\n\n\n\n<p>Sua trajet\u00f3ria foi relatada no livro&nbsp;<em>Son of Hamas<\/em>&nbsp;(<em>Filho do Hamas<\/em>, em tradu\u00e7\u00e3o livre), onde ele conta como deixou a organiza\u00e7\u00e3o ap\u00f3s questionar o sofrimento causado aos inocentes palestinos e israelenses.<\/p>\n\n\n\n<p>\u2013 Hamas n\u00e3o se importa com a vida dos palestinos, israelenses ou americanos. Eles n\u00e3o se importam nem com as suas pr\u00f3prias vidas. Eles consideram morrer por sua ideologia e sua adora\u00e7\u00e3o religiosa \u2013 disse Mosab.<\/p>\n\n\n\n<p>E continua:<\/p>\n\n\n\n<p>\u2013 A destrui\u00e7\u00e3o do Estado de Israel n\u00e3o \u00e9 o objetivo final do Hamas. O objetivo final do Hamas \u00e9 construir o que significa um Estado Isl\u00e2mico em todas as outras civiliza\u00e7\u00f5es. Esse \u00e9 o objetivo desse movimento.<\/p>\n\n\n\n<p><strong>Assista no link abaixo:<\/strong><\/p>\n\n\n\n<p><blockquote class=\"twitter-tweet\" data-width=\"550\" data-dnt=\"true\"><p lang=\"pt\" dir=\"ltr\">O que diz um o filho de um dos fundadores do Hamas, que se apartou do grupo terrorista. <a href=\"https:\/\/t.co\/LDKJN4Gz0e\">pic.twitter.com\/LDKJN4Gz0e<\/a><\/p>&mdash; M\u00f4nica\ud83d\udc9c (@NicabateYah) <a href=\"https:\/\/twitter.com\/NicabateYah\/status\/1711499765244915882?ref_src=twsrc%5Etfw\">October 9, 2023<\/a><\/blockquote><script async src=\"https:\/\/platform.twitter.com\/widgets.js\" charset=\"utf-8\"><\/script><\/p>\n","protected":false},"excerpt":{"rendered":"<p>Circula nas redes sociais, um v\u00eddeo no qual Mosab Hassan Yousef, filho do xeique Hassan Yousef, um dos cofundadores do Hamas, exp\u00f5e as t\u00e1ticas e m\u00e9todos aplicados pelo grupo terrorista. Hoje crist\u00e3o, Mosab comenta que chegou a ter um papel ativo no Hamas e que foi levado pelos sentimentos de raiva e vingan\u00e7a a agir [&hellip;]<\/p>\n","protected":false},"author":2,"featured_media":17409,"comment_status":"open","ping_status":"closed","sticky":false,"template":"","format":"standard","meta":[],"categories":[16],"tags":[],"_links":{"self":[{"href":"https:\/\/dgospel.com.br\/portal\/index.php\/wp-json\/wp\/v2\/posts\/17408"}],"collection":[{"href":"https:\/\/dgospel.com.br\/portal\/index.php\/wp-json\/wp\/v2\/posts"}],"about":[{"href":"https:\/\/dgospel.com.br\/portal\/index.php\/wp-json\/wp\/v2\/types\/post"}],"author":[{"embeddable":true,"href":"https:\/\/dgospel.com.br\/portal\/index.php\/wp-json\/wp\/v2\/users\/2"}],"replies":[{"embeddable":true,"href":"https:\/\/dgospel.com.br\/portal\/index.php\/wp-json\/wp\/v2\/comments?post=17408"}],"version-history":[{"count":1,"href":"https:\/\/dgospel.com.br\/portal\/index.php\/wp-json\/wp\/v2\/posts\/17408\/revisions"}],"predecessor-version":[{"id":17410,"href":"https:\/\/dgospel.com.br\/portal\/index.php\/wp-json\/wp\/v2\/posts\/17408\/revisions\/17410"}],"wp:featuredmedia":[{"embeddable":true,"href":"https:\/\/dgospel.com.br\/portal\/index.php\/wp-json\/wp\/v2\/media\/17409"}],"wp:attachment":[{"href":"https:\/\/dgospel.com.br\/portal\/index.php\/wp-json\/wp\/v2\/media?parent=17408"}],"wp:term":[{"taxonomy":"category","embeddable":true,"href":"https:\/\/dgospel.com.br\/portal\/index.php\/wp-json\/wp\/v2\/categories?post=17408"},{"taxonomy":"post_tag","embeddable":true,"href":"https:\/\/dgospel.com.br\/portal\/index.php\/wp-json\/wp\/v2\/tags?post=17408"}],"curies":[{"name":"wp","href":"https:\/\/api.w.org\/{rel}","templated":true}]}}