{"id":17411,"date":"2023-10-11T20:17:09","date_gmt":"2023-10-11T23:17:09","guid":{"rendered":"http:\/\/dgospel.com.br\/portal\/?p=17411"},"modified":"2023-10-13T12:24:50","modified_gmt":"2023-10-13T15:24:50","slug":"senado-aprova-mocao-de-repudio-ao-hamas-por-atentado-em-israel","status":"publish","type":"post","link":"https:\/\/dgospel.com.br\/portal\/index.php\/2023\/10\/11\/senado-aprova-mocao-de-repudio-ao-hamas-por-atentado-em-israel\/","title":{"rendered":"Senado aprova mo\u00e7\u00e3o de rep\u00fadio ao Hamas por atentado em Israel"},"content":{"rendered":"\n<p>O Senado aprovou, nesta ter\u00e7a-feira (10), uma mo\u00e7\u00e3o de rep\u00fadio ao ataque do Hamas contra Israel na madrugada do \u00faltimo s\u00e1bado (7). O requerimento, apresentado pelo senador Magno Malta (PL-ES), foi aprovado pelos senadores em vota\u00e7\u00e3o simb\u00f3lica. Ou seja, sem o registro do voto individual de cada parlamentar.<\/p>\n\n\n\n<p>O l\u00edder do governo no Congresso, Randolfe Rodrigues (sem partido-AP), disse, durante a sess\u00e3o, que o governo federal dar\u00e1 suporte para o resgate de todos os brasileiros na regi\u00e3o.<\/p>\n\n\n\n<p>\u2013 N\u00f3s temos, dos dois lados do conflito, compatriotas nossos: s\u00e3o 14 mil brasileiros em Israel e outros 6 mil na Palestina. Com esse primeiro voo que decolou h\u00e1 quatro horas e que j\u00e1 est\u00e1 em dire\u00e7\u00e3o, j\u00e1 est\u00e1 em destino \u00e0 nossa capital, trazendo o primeiro grupo de 211 compatriotas nossos, inaugura-se a maior opera\u00e7\u00e3o da hist\u00f3ria da For\u00e7a A\u00e9rea Brasileira de resgate de nacionais em \u00e1reas de conflitos. A determina\u00e7\u00e3o do governo brasileiro, a determina\u00e7\u00e3o do presidente Lula \u00e9 de n\u00e3o deixar nenhum compatriota para tr\u00e1s \u2013 afirmou Randolfe.<\/p>\n\n\n\n<p>E continuou:<\/p>\n\n\n\n<p>\u2013 J\u00e1 temos mais de 1,6 mil brasileiros que manifestaram o desejo de retornar para c\u00e1, nenhum desses nossos compatriotas, estejam na Palestina, estejam em Israel, ser\u00e3o deixados para tr\u00e1s pela orienta\u00e7\u00e3o e pela determina\u00e7\u00e3o do governo do presidente Lula \u2013 completou.<\/p>\n\n\n\n<p>Randolfe refor\u00e7ou a posi\u00e7\u00e3o do governo de condenar o ataque do Hamas contra Israel.<\/p>\n\n\n\n<p>\u2013 \u00c9 importante tamb\u00e9m destacar, e que n\u00e3o reste d\u00favida sobre isso, a posi\u00e7\u00e3o inequ\u00edvoca do presidente Lula e de nosso governo em rela\u00e7\u00e3o ao que ocorre no Oriente M\u00e9dio, ao que ocorre na Palestina e em Israel. Essa posi\u00e7\u00e3o foi expressa pelo presidente da Rep\u00fablica logo ap\u00f3s as primeiras horas do conflito. A primeira dessas posi\u00e7\u00f5es \u00e9 condena\u00e7\u00e3o total a atos terroristas, sobretudo \u00e0s primeiras a\u00e7\u00f5es terroristas organizadas pelo Hamas \u2013 afirmou.<\/p>\n\n\n\n<p>No in\u00edcio da sess\u00e3o desta ter\u00e7a, o presidente do Senado, Rodrigo Pacheco (PSD-MG), se pronunciou oficialmente sobre o atentado em Israel no \u00faltimo fim de semana. Pacheco chamou o ataque de \u201catentado terrorista surpresa, covarde e sem precedentes\u201d e disse que o Senado defende \u201ca solu\u00e7\u00e3o pac\u00edfica dos conflitos\u201d.<\/p>\n\n\n\n<p>\u2013 O ataque terrorista ocorrido em s\u00e1bado deixou o mundo inteiro at\u00f4nito, perplexo, em estado de alerta. Um ataque terrorista surpresa, covarde e sem precedentes contra civis, jovens, mulheres, crian\u00e7a, fam\u00edlias inteiras, n\u00e3o encontra o menor ind\u00edcio de legitimidade, qualquer que seja a causa defendida por um grupo ou na\u00e7\u00e3o \u2013 disse Pacheco.<\/p>\n\n\n\n<p>Segundo o presidente do Senado, \u201cataques indiscriminados contra civis s\u00e3o a\u00e7\u00f5es de selvageria que violam princ\u00edpios mais b\u00e1sicos do direito internacional e da dignidade humana\u201d.<\/p>\n\n\n\n<p>\u2013 O Senado defende a solu\u00e7\u00e3o pac\u00edfica dos conflitos. Somente por meio do di\u00e1logo ser\u00e1 poss\u00edvel alcan\u00e7ar a paz t\u00e3o desejada por todos. N\u00e3o precisamos de mais guerras. \u00c9 urgente que a comunidade internacional envide esfor\u00e7os em favor da paz entre israelenses e palestinos \u2013 completou.<\/p>\n\n\n\n<p>*AE<\/p>\n","protected":false},"excerpt":{"rendered":"<p>O Senado aprovou, nesta ter\u00e7a-feira (10), uma mo\u00e7\u00e3o de rep\u00fadio ao ataque do Hamas contra Israel na madrugada do \u00faltimo s\u00e1bado (7). O requerimento, apresentado pelo senador Magno Malta (PL-ES), foi aprovado pelos senadores em vota\u00e7\u00e3o simb\u00f3lica. Ou seja, sem o registro do voto individual de cada parlamentar. O l\u00edder do governo no Congresso, Randolfe [&hellip;]<\/p>\n","protected":false},"author":2,"featured_media":17412,"comment_status":"open","ping_status":"open","sticky":false,"template":"","format":"standard","meta":[],"categories":[8],"tags":[13],"_links":{"self":[{"href":"https:\/\/dgospel.com.br\/portal\/index.php\/wp-json\/wp\/v2\/posts\/17411"}],"collection":[{"href":"https:\/\/dgospel.com.br\/portal\/index.php\/wp-json\/wp\/v2\/posts"}],"about":[{"href":"https:\/\/dgospel.com.br\/portal\/index.php\/wp-json\/wp\/v2\/types\/post"}],"author":[{"embeddable":true,"href":"https:\/\/dgospel.com.br\/portal\/index.php\/wp-json\/wp\/v2\/users\/2"}],"replies":[{"embeddable":true,"href":"https:\/\/dgospel.com.br\/portal\/index.php\/wp-json\/wp\/v2\/comments?post=17411"}],"version-history":[{"count":1,"href":"https:\/\/dgospel.com.br\/portal\/index.php\/wp-json\/wp\/v2\/posts\/17411\/revisions"}],"predecessor-version":[{"id":17413,"href":"https:\/\/dgospel.com.br\/portal\/index.php\/wp-json\/wp\/v2\/posts\/17411\/revisions\/17413"}],"wp:featuredmedia":[{"embeddable":true,"href":"https:\/\/dgospel.com.br\/portal\/index.php\/wp-json\/wp\/v2\/media\/17412"}],"wp:attachment":[{"href":"https:\/\/dgospel.com.br\/portal\/index.php\/wp-json\/wp\/v2\/media?parent=17411"}],"wp:term":[{"taxonomy":"category","embeddable":true,"href":"https:\/\/dgospel.com.br\/portal\/index.php\/wp-json\/wp\/v2\/categories?post=17411"},{"taxonomy":"post_tag","embeddable":true,"href":"https:\/\/dgospel.com.br\/portal\/index.php\/wp-json\/wp\/v2\/tags?post=17411"}],"curies":[{"name":"wp","href":"https:\/\/api.w.org\/{rel}","templated":true}]}}