{"id":17414,"date":"2023-10-11T20:34:35","date_gmt":"2023-10-11T23:34:35","guid":{"rendered":"http:\/\/dgospel.com.br\/portal\/?p=17414"},"modified":"2023-10-11T20:34:36","modified_gmt":"2023-10-11T23:34:36","slug":"uso-de-voos-da-fab-por-ministros-do-governo-lula-cresce-49-comparado-a-gestao-bolsonaro","status":"publish","type":"post","link":"https:\/\/dgospel.com.br\/portal\/index.php\/2023\/10\/11\/uso-de-voos-da-fab-por-ministros-do-governo-lula-cresce-49-comparado-a-gestao-bolsonaro\/","title":{"rendered":"Uso de voos da FAB por ministros do governo Lula cresce 49% comparado a gest\u00e3o Bolsonaro"},"content":{"rendered":"\n<p>Ministros da atual administra\u00e7\u00e3o do presidente Lula utilizaram avi\u00f5es da For\u00e7a A\u00e9rea Brasileira (FAB) 1.574 vezes entre janeiro e setembro, um aumento de 49% em rela\u00e7\u00e3o ao mesmo per\u00edodo sob Jair Bolsonaro em 2019, que contabilizou 1.053 voos, conforme levantamento da CNN. Esses n\u00fameros n\u00e3o incluem deslocamentos do presidente e vice.<\/p>\n\n\n\n<p><a href=\"https:\/\/www.assembleia.pr.leg.br\/assembleia-itinerante\/sugestao-de-melhorias-para-sua-cidade\" target=\"_blank\" rel=\"noreferrer noopener\"><\/a><\/p>\n\n\n\n<p>Os destinos s\u00e3o variados, desde localidades no interior do Nordeste, regi\u00f5es isoladas do Amazonas, at\u00e9 metr\u00f3poles como S\u00e3o Paulo, o destino mais frequentemente solicitado pelos ministros.<\/p>\n\n\n\n<p>Fl\u00e1vio Dino, ministro da Justi\u00e7a e Seguran\u00e7a P\u00fablica, encabe\u00e7a a lista como o ministro que mais viajou pela FAB. Ele realizou uma m\u00e9dia de mais de oito voos por m\u00eas, sendo que muitos destes terminaram em uma sexta-feira no Maranh\u00e3o, seu reduto eleitoral. Em todas as ocasi\u00f5es, a justificativa para o uso da aeronave foi seguran\u00e7a.<\/p>\n\n\n\n<p>Outro caso que gerou repercuss\u00e3o foi o da ministra Anielle Franco, da Igualdade Racial, que utilizou um avi\u00e3o da FAB para assistir \u00e0 final da Copa do Brasil em S\u00e3o Paulo. Apesar de alegar estar a servi\u00e7o, ela enfrentou cr\u00edticas ap\u00f3s postar um v\u00eddeo torcendo pelo Flamengo durante o voo. A ministra defende-se dizendo que o deslocamento \u00e9 permitido por lei.<\/p>\n\n\n\n<p>M\u00e1rcio Fran\u00e7a, ministro do Empreendedorismo, da Micro e Pequena Empresa, tamb\u00e9m est\u00e1 entre os mais frequentes usu\u00e1rios da FAB, com 35 voos realizados. Segundo ele, todos os deslocamentos estavam relacionados a compromissos oficiais.<\/p>\n\n\n\n<p>De acordo com a legisla\u00e7\u00e3o, membros do primeiro escal\u00e3o governamental podem solicitar voos da FAB por raz\u00f5es de \u201cservi\u00e7o\u201d, \u201cseguran\u00e7a\u201d ou \u201cemerg\u00eancia m\u00e9dica\u201d. Para ter acesso \u00e0 aeronave, \u00e9 necess\u00e1rio aguardar em uma fila baseada na antiguidade do minist\u00e9rio. Ministros podem levar at\u00e9 15 convidados no avi\u00e3o, que n\u00e3o necessariamente precisam ser servidores p\u00fablicos.<\/p>\n","protected":false},"excerpt":{"rendered":"<p>Ministros da atual administra\u00e7\u00e3o do presidente Lula utilizaram avi\u00f5es da For\u00e7a A\u00e9rea Brasileira (FAB) 1.574 vezes entre janeiro e setembro, um aumento de 49% em rela\u00e7\u00e3o ao mesmo per\u00edodo sob Jair Bolsonaro em 2019, que contabilizou 1.053 voos, conforme levantamento da CNN. Esses n\u00fameros n\u00e3o incluem deslocamentos do presidente e vice. Os destinos s\u00e3o variados, [&hellip;]<\/p>\n","protected":false},"author":2,"featured_media":17415,"comment_status":"open","ping_status":"open","sticky":false,"template":"","format":"standard","meta":[],"categories":[11,12],"tags":[],"_links":{"self":[{"href":"https:\/\/dgospel.com.br\/portal\/index.php\/wp-json\/wp\/v2\/posts\/17414"}],"collection":[{"href":"https:\/\/dgospel.com.br\/portal\/index.php\/wp-json\/wp\/v2\/posts"}],"about":[{"href":"https:\/\/dgospel.com.br\/portal\/index.php\/wp-json\/wp\/v2\/types\/post"}],"author":[{"embeddable":true,"href":"https:\/\/dgospel.com.br\/portal\/index.php\/wp-json\/wp\/v2\/users\/2"}],"replies":[{"embeddable":true,"href":"https:\/\/dgospel.com.br\/portal\/index.php\/wp-json\/wp\/v2\/comments?post=17414"}],"version-history":[{"count":1,"href":"https:\/\/dgospel.com.br\/portal\/index.php\/wp-json\/wp\/v2\/posts\/17414\/revisions"}],"predecessor-version":[{"id":17416,"href":"https:\/\/dgospel.com.br\/portal\/index.php\/wp-json\/wp\/v2\/posts\/17414\/revisions\/17416"}],"wp:featuredmedia":[{"embeddable":true,"href":"https:\/\/dgospel.com.br\/portal\/index.php\/wp-json\/wp\/v2\/media\/17415"}],"wp:attachment":[{"href":"https:\/\/dgospel.com.br\/portal\/index.php\/wp-json\/wp\/v2\/media?parent=17414"}],"wp:term":[{"taxonomy":"category","embeddable":true,"href":"https:\/\/dgospel.com.br\/portal\/index.php\/wp-json\/wp\/v2\/categories?post=17414"},{"taxonomy":"post_tag","embeddable":true,"href":"https:\/\/dgospel.com.br\/portal\/index.php\/wp-json\/wp\/v2\/tags?post=17414"}],"curies":[{"name":"wp","href":"https:\/\/api.w.org\/{rel}","templated":true}]}}