{"id":17417,"date":"2023-10-11T20:54:10","date_gmt":"2023-10-11T23:54:10","guid":{"rendered":"http:\/\/dgospel.com.br\/portal\/?p=17417"},"modified":"2023-10-11T20:54:11","modified_gmt":"2023-10-11T23:54:11","slug":"ex-lider-do-hamas-convoca-mundo-arabe-contra-israel-hora-de-praticar-a-jihad","status":"publish","type":"post","link":"https:\/\/dgospel.com.br\/portal\/index.php\/2023\/10\/11\/ex-lider-do-hamas-convoca-mundo-arabe-contra-israel-hora-de-praticar-a-jihad\/","title":{"rendered":"Ex-l\u00edder do Hamas convoca mundo \u00e1rabe contra Israel: \u2018Hora de praticar a Jihad\u2019"},"content":{"rendered":"\n<p>O ex-l\u00edder do Hamas,&nbsp;<strong><a href=\"https:\/\/guiame.com.br\/noticias\/mundo\/entenda-o-que-significa-o-novo-status-palestino-na-onu\">Khaled Mashaal<\/a><\/strong>, convocou a realiza\u00e7\u00e3o de manifesta\u00e7\u00f5es em todo o mundo mu\u00e7ulmano para a pr\u00f3xima sexta-feira (13), em apoio com os palestinos e para encorajar os pa\u00edses vizinhos a se unirem na luta contra Israel.<\/p>\n\n\n\n<p>&#8220;[Devemos] ir \u00e0s pra\u00e7as e ruas do mundo \u00e1rabe e isl\u00e2mico na sexta-feira&#8221;, declarou Mashaal, que atualmente lidera o escrit\u00f3rio da di\u00e1spora do Hamas, em um comunicado gravado enviado \u00e0 Reuters.<\/p>\n\n\n\n<p>Mashaal, que vive no Catar, destacou que os governos e cidad\u00e3os da Jord\u00e2nia, S\u00edria, L\u00edbano e Egito t\u00eam uma responsabilidade ainda maior de apoiar os palestinos.<\/p>\n\n\n\n<p>&#8220;Para todos os estudiosos que ensinam sobre a jihad&#8230; para todos aqueles que ensinam e aprendem, este \u00e9 um momento de p\u00f4r em pr\u00e1tica essas teorias&#8221;, declarou Mashaal.<\/p>\n\n\n\n<p>A palavra &#8220;<strong><a href=\"https:\/\/guiame.com.br\/gospel\/israel\/guerra-entre-israel-e-hamas-o-que-vai-acontecer-agora.html\">jihad<\/a><\/strong>&#8221; \u00e9 um termo \u00e1rabe que significa &#8220;esfor\u00e7o&#8221; ou &#8220;luta&#8221;, e pode ser traduzido como \u201cguerra santa isl\u00e2mica\u201d.<\/p>\n\n\n\n<p><strong>Incentivo \u00e0 Jord\u00e2nia para atacar Israel<\/strong><\/p>\n\n\n\n<p>Em seu apelo, Mashaal disse:<\/p>\n\n\n\n<p>\u201cTribos da Jord\u00e2nia, filhos da Jord\u00e2nia, irm\u00e3os e irm\u00e3s da Jord\u00e2nia&#8230; Este \u00e9 um momento de verdade e as fronteiras est\u00e3o perto de voc\u00eas, todos voc\u00eas conhecem a sua responsabilidade\u201d.<\/p>\n\n\n\n<p>Tanto a Jord\u00e2nia quanto o L\u00edbano abrigam a maior concentra\u00e7\u00e3o de refugiados palestinos.<\/p>\n\n\n\n<p>A convoca\u00e7\u00e3o de Mashaal aconteceu no momento em que Israel promete intensificar sua resposta ao&nbsp;<strong><a href=\"https:\/\/guiame.com.br\/gospel\/israel\/estamos-em-guerra-israel-sofre-ataque-ao-fim-da-festa-dos-tabernaculos.html\">ataque terrorista do Hamas<\/a><\/strong>&nbsp;com uma opera\u00e7\u00e3o terrestre, ap\u00f3s avi\u00f5es de combate israelenses atingirem mais de 200 alvos em Gaza durante a noite.<\/p>\n\n\n\n<p>Segundo o Minist\u00e9rio da Sa\u00fade de Gaza, pelo menos 950 pessoas morreram e 5.000 ficaram feridas como resultado at\u00e9 agora do contra-ataque israelense.<\/p>\n","protected":false},"excerpt":{"rendered":"<p>O ex-l\u00edder do Hamas,&nbsp;Khaled Mashaal, convocou a realiza\u00e7\u00e3o de manifesta\u00e7\u00f5es em todo o mundo mu\u00e7ulmano para a pr\u00f3xima sexta-feira (13), em apoio com os palestinos e para encorajar os pa\u00edses vizinhos a se unirem na luta contra Israel. &#8220;[Devemos] ir \u00e0s pra\u00e7as e ruas do mundo \u00e1rabe e isl\u00e2mico na sexta-feira&#8221;, declarou Mashaal, que atualmente [&hellip;]<\/p>\n","protected":false},"author":2,"featured_media":17418,"comment_status":"open","ping_status":"open","sticky":false,"template":"","format":"standard","meta":[],"categories":[16],"tags":[],"_links":{"self":[{"href":"https:\/\/dgospel.com.br\/portal\/index.php\/wp-json\/wp\/v2\/posts\/17417"}],"collection":[{"href":"https:\/\/dgospel.com.br\/portal\/index.php\/wp-json\/wp\/v2\/posts"}],"about":[{"href":"https:\/\/dgospel.com.br\/portal\/index.php\/wp-json\/wp\/v2\/types\/post"}],"author":[{"embeddable":true,"href":"https:\/\/dgospel.com.br\/portal\/index.php\/wp-json\/wp\/v2\/users\/2"}],"replies":[{"embeddable":true,"href":"https:\/\/dgospel.com.br\/portal\/index.php\/wp-json\/wp\/v2\/comments?post=17417"}],"version-history":[{"count":1,"href":"https:\/\/dgospel.com.br\/portal\/index.php\/wp-json\/wp\/v2\/posts\/17417\/revisions"}],"predecessor-version":[{"id":17419,"href":"https:\/\/dgospel.com.br\/portal\/index.php\/wp-json\/wp\/v2\/posts\/17417\/revisions\/17419"}],"wp:featuredmedia":[{"embeddable":true,"href":"https:\/\/dgospel.com.br\/portal\/index.php\/wp-json\/wp\/v2\/media\/17418"}],"wp:attachment":[{"href":"https:\/\/dgospel.com.br\/portal\/index.php\/wp-json\/wp\/v2\/media?parent=17417"}],"wp:term":[{"taxonomy":"category","embeddable":true,"href":"https:\/\/dgospel.com.br\/portal\/index.php\/wp-json\/wp\/v2\/categories?post=17417"},{"taxonomy":"post_tag","embeddable":true,"href":"https:\/\/dgospel.com.br\/portal\/index.php\/wp-json\/wp\/v2\/tags?post=17417"}],"curies":[{"name":"wp","href":"https:\/\/api.w.org\/{rel}","templated":true}]}}