{"id":17420,"date":"2023-10-11T21:01:40","date_gmt":"2023-10-12T00:01:40","guid":{"rendered":"http:\/\/dgospel.com.br\/portal\/?p=17420"},"modified":"2023-10-13T12:22:32","modified_gmt":"2023-10-13T15:22:32","slug":"cristaos-recebem-caravana-vinda-de-israel-com-muita-emocao-no-aeroporto-do-rj","status":"publish","type":"post","link":"https:\/\/dgospel.com.br\/portal\/index.php\/2023\/10\/11\/cristaos-recebem-caravana-vinda-de-israel-com-muita-emocao-no-aeroporto-do-rj\/","title":{"rendered":"Crist\u00e3os recebem caravana vinda de Israel com muita emo\u00e7\u00e3o no aeroporto do RJ"},"content":{"rendered":"\n<p>Membros da Igreja Lagoinha no Rio de Janeiro foram at\u00e9 o aeroporto da cidade para recepcionar as 103 pessoas que participavam da caravana vinda de Israel.<\/p>\n\n\n\n<p>Dezenas de evang\u00e9licos estiveram no sagu\u00e3o cantando louvores enquanto o grupo de viajantes n\u00e3o retornava. Com a chegada das pessoas, houve aplausos, abra\u00e7os e muitas ora\u00e7\u00f5es.<\/p>\n\n\n\n<p>O pastor Felippe Valad\u00e3o, respons\u00e1vel pela igreja, compartilhou em suas redes sociais os v\u00eddeos que mostram a festa que foi feita com a chegada deles.<\/p>\n\n\n\n<p>Muitos jornalistas estiveram no aeroporto para conversar com os brasileiros que estavam em Israel quando os ataques terroristas se iniciaram.<\/p>\n\n\n\n<ul><li><a href=\"https:\/\/pleno.news\/fe\/cristaos-recebem-caravana-vinda-de-israel-com-muita-emocao-no-aeroporto-do-rj.html#!\"><\/a><\/li><li><a href=\"https:\/\/pleno.news\/fe\/cristaos-recebem-caravana-vinda-de-israel-com-muita-emocao-no-aeroporto-do-rj.html#!\"><\/a><\/li><\/ul>\n\n\n\n<h2>Leiliane Lopes &#8211;&nbsp;11\/10\/2023&nbsp;20h13<\/h2>\n\n\n\n<figure class=\"wp-block-image\"><img src=\"https:\/\/static.cdn.pleno.news\/2023\/10\/Evang%C3%A9licos-aeroporto-do-RJ-1024x627.jpg\" alt=\"\" class=\"wp-image-1218405\"\/><figcaption>Evang\u00e9licos aeroporto do RJ&nbsp;Foto: Instagram @felippevaladao<\/figcaption><\/figure>\n\n\n\n<p>Membros da Igreja Lagoinha no Rio de Janeiro foram at\u00e9 o aeroporto da cidade para recepcionar as 103 pessoas que participavam da caravana vinda de Israel.<\/p>\n\n\n\n<p>Dezenas de evang\u00e9licos estiveram no sagu\u00e3o cantando louvores enquanto o grupo de viajantes n\u00e3o retornava. Com a chegada das pessoas, houve aplausos, abra\u00e7os e muitas ora\u00e7\u00f5es.<\/p>\n\n\n\n<p>O pastor Felippe Valad\u00e3o, respons\u00e1vel pela igreja, compartilhou em suas redes sociais os v\u00eddeos que mostram a festa que foi feita com a chegada deles.<\/p>\n\n\n\n<p>Muitos jornalistas estiveram no aeroporto para conversar com os brasileiros que estavam em Israel quando os ataques terroristas se iniciaram.<\/p>\n\n\n\n<p><strong>Assista:<\/strong><\/p>\n\n\n\n<p><a href=\"https:\/\/www.instagram.com\/reel\/CyRiPMFue3q\/?utm_source=ig_embed&amp;utm_campaign=loading\">https:\/\/www.instagram.com\/reel\/CyRiPMFue3q\/?utm_source=ig_embed&amp;utm_campaign=loading<\/a><\/p>\n","protected":false},"excerpt":{"rendered":"<p>Membros da Igreja Lagoinha no Rio de Janeiro foram at\u00e9 o aeroporto da cidade para recepcionar as 103 pessoas que participavam da caravana vinda de Israel. Dezenas de evang\u00e9licos estiveram no sagu\u00e3o cantando louvores enquanto o grupo de viajantes n\u00e3o retornava. Com a chegada das pessoas, houve aplausos, abra\u00e7os e muitas ora\u00e7\u00f5es. O pastor Felippe [&hellip;]<\/p>\n","protected":false},"author":2,"featured_media":17421,"comment_status":"open","ping_status":"open","sticky":false,"template":"","format":"standard","meta":[],"categories":[5,1],"tags":[13],"_links":{"self":[{"href":"https:\/\/dgospel.com.br\/portal\/index.php\/wp-json\/wp\/v2\/posts\/17420"}],"collection":[{"href":"https:\/\/dgospel.com.br\/portal\/index.php\/wp-json\/wp\/v2\/posts"}],"about":[{"href":"https:\/\/dgospel.com.br\/portal\/index.php\/wp-json\/wp\/v2\/types\/post"}],"author":[{"embeddable":true,"href":"https:\/\/dgospel.com.br\/portal\/index.php\/wp-json\/wp\/v2\/users\/2"}],"replies":[{"embeddable":true,"href":"https:\/\/dgospel.com.br\/portal\/index.php\/wp-json\/wp\/v2\/comments?post=17420"}],"version-history":[{"count":2,"href":"https:\/\/dgospel.com.br\/portal\/index.php\/wp-json\/wp\/v2\/posts\/17420\/revisions"}],"predecessor-version":[{"id":17423,"href":"https:\/\/dgospel.com.br\/portal\/index.php\/wp-json\/wp\/v2\/posts\/17420\/revisions\/17423"}],"wp:featuredmedia":[{"embeddable":true,"href":"https:\/\/dgospel.com.br\/portal\/index.php\/wp-json\/wp\/v2\/media\/17421"}],"wp:attachment":[{"href":"https:\/\/dgospel.com.br\/portal\/index.php\/wp-json\/wp\/v2\/media?parent=17420"}],"wp:term":[{"taxonomy":"category","embeddable":true,"href":"https:\/\/dgospel.com.br\/portal\/index.php\/wp-json\/wp\/v2\/categories?post=17420"},{"taxonomy":"post_tag","embeddable":true,"href":"https:\/\/dgospel.com.br\/portal\/index.php\/wp-json\/wp\/v2\/tags?post=17420"}],"curies":[{"name":"wp","href":"https:\/\/api.w.org\/{rel}","templated":true}]}}