{"id":17427,"date":"2023-10-11T21:30:19","date_gmt":"2023-10-12T00:30:19","guid":{"rendered":"http:\/\/dgospel.com.br\/portal\/?p=17427"},"modified":"2023-10-13T12:25:24","modified_gmt":"2023-10-13T15:25:24","slug":"lira-indica-ao-supremo-que-vai-engavetar-pautas-antistf","status":"publish","type":"post","link":"https:\/\/dgospel.com.br\/portal\/index.php\/2023\/10\/11\/lira-indica-ao-supremo-que-vai-engavetar-pautas-antistf\/","title":{"rendered":"Lira indica ao Supremo que vai engavetar pautas antiSTF"},"content":{"rendered":"\n<figure class=\"wp-block-image\"><img src=\"https:\/\/static.cdn.pleno.news\/2023\/05\/img20230530183809728MED-e1685576137954.jpg\" alt=\"\" class=\"wp-image-1148685\"\/><figcaption>Arthur Lira&nbsp;Foto: Pablo Valadares\/C\u00e2mara dos Deputados<\/figcaption><\/figure>\n\n\n\n<p>Em desalinho ao presidente do Senado, Rodrigo Pacheco (PSD-MG), que demonstrou estar disposto a aderir \u00e0s pautas contr\u00e1rias ao Supremo Tribunal Federal (STF), o presidente da C\u00e2mara, Arthur Lira (PP-AL), indicou que as inten\u00e7\u00f5es em desfavor ao STF n\u00e3o prosperar\u00e3o em seu mandato \u00e0 frente da Casa.<\/p>\n\n\n\n<p>Lira vem buscando se aproximar dos magistrados, em especial o atual presidente da Corte, ministro Lu\u00eds Roberto Barroso, de acordo com o jornal O Globo. Lira tem demonstrado boa inten\u00e7\u00e3o e acenado aos ministros, fazendo com que eles entendam sua inclina\u00e7\u00e3o.<\/p>\n\n\n\n<p>Na semana passada, os ministros do Supremo foram acuados pela decis\u00e3o da Comiss\u00e3o de Constitui\u00e7\u00e3o e Justi\u00e7a (CCJ) do Senado, que aprovou uma Proposta de Emenda Constitucional (PEC) a fim de limitar o poder individual dos magistrados. Tamb\u00e9m est\u00e1 em andamento \u2013 e bem avan\u00e7ado \u2013 o debate para que haja mandato aos membros da Suprema Corte.<\/p>\n\n\n\n<p>A ofensiva do Senado sobre a nata do Judici\u00e1rio produziu uma aproxima\u00e7\u00e3o entre Barroso e Lira, que se falaram por telefone, e acertaram os ponteiros acerca da preocupa\u00e7\u00e3o de ambos com o encurralamento do STF diante de um in\u00e9dito cen\u00e1rio.<\/p>\n\n\n\n<p>Al\u00e9m do contato com Barroso, outros dois integrantes do tribunal tamb\u00e9m ostentam aproxima\u00e7\u00e3o com Arthur Lira a fim de fortalecer e conservar o atual modelo e seus respectivos privil\u00e9gios.<\/p>\n","protected":false},"excerpt":{"rendered":"<p>Em desalinho ao presidente do Senado, Rodrigo Pacheco (PSD-MG), que demonstrou estar disposto a aderir \u00e0s pautas contr\u00e1rias ao Supremo Tribunal Federal (STF), o presidente da C\u00e2mara, Arthur Lira (PP-AL), indicou que as inten\u00e7\u00f5es em desfavor ao STF n\u00e3o prosperar\u00e3o em seu mandato \u00e0 frente da Casa. Lira vem buscando se aproximar dos magistrados, em [&hellip;]<\/p>\n","protected":false},"author":2,"featured_media":17428,"comment_status":"open","ping_status":"open","sticky":false,"template":"","format":"standard","meta":[],"categories":[4],"tags":[13],"_links":{"self":[{"href":"https:\/\/dgospel.com.br\/portal\/index.php\/wp-json\/wp\/v2\/posts\/17427"}],"collection":[{"href":"https:\/\/dgospel.com.br\/portal\/index.php\/wp-json\/wp\/v2\/posts"}],"about":[{"href":"https:\/\/dgospel.com.br\/portal\/index.php\/wp-json\/wp\/v2\/types\/post"}],"author":[{"embeddable":true,"href":"https:\/\/dgospel.com.br\/portal\/index.php\/wp-json\/wp\/v2\/users\/2"}],"replies":[{"embeddable":true,"href":"https:\/\/dgospel.com.br\/portal\/index.php\/wp-json\/wp\/v2\/comments?post=17427"}],"version-history":[{"count":2,"href":"https:\/\/dgospel.com.br\/portal\/index.php\/wp-json\/wp\/v2\/posts\/17427\/revisions"}],"predecessor-version":[{"id":17435,"href":"https:\/\/dgospel.com.br\/portal\/index.php\/wp-json\/wp\/v2\/posts\/17427\/revisions\/17435"}],"wp:featuredmedia":[{"embeddable":true,"href":"https:\/\/dgospel.com.br\/portal\/index.php\/wp-json\/wp\/v2\/media\/17428"}],"wp:attachment":[{"href":"https:\/\/dgospel.com.br\/portal\/index.php\/wp-json\/wp\/v2\/media?parent=17427"}],"wp:term":[{"taxonomy":"category","embeddable":true,"href":"https:\/\/dgospel.com.br\/portal\/index.php\/wp-json\/wp\/v2\/categories?post=17427"},{"taxonomy":"post_tag","embeddable":true,"href":"https:\/\/dgospel.com.br\/portal\/index.php\/wp-json\/wp\/v2\/tags?post=17427"}],"curies":[{"name":"wp","href":"https:\/\/api.w.org\/{rel}","templated":true}]}}