{"id":1743,"date":"2018-11-01T13:18:15","date_gmt":"2018-11-01T15:18:15","guid":{"rendered":"http:\/\/dgospel.com.br\/portal\/?p=1743"},"modified":"2018-11-01T13:18:15","modified_gmt":"2018-11-01T15:18:15","slug":"sergio-moro-ira-comandar-o-ministerio-da-justica-no-governo-bolsonaro","status":"publish","type":"post","link":"https:\/\/dgospel.com.br\/portal\/index.php\/2018\/11\/01\/sergio-moro-ira-comandar-o-ministerio-da-justica-no-governo-bolsonaro\/","title":{"rendered":"S\u00e9rgio Moro ir\u00e1 comandar o Minist\u00e9rio da Justi\u00e7a no governo Bolsonaro"},"content":{"rendered":"<p>O juiz federal S\u00e9rgio Moro aceitou nesta quinta-feira (1\u00ba) o convite do presidente eleito\u00a0<a href=\"https:\/\/guiame.com.br\/gospel\/noticias\/bolsonaro-diz-que-ira-seguir-os-ensinamentos-de-deus-em-seu-governo.html\"><strong>Jair Bolsonaro<\/strong><\/a>(PSL) para chefiar o Minist\u00e9rio da Justi\u00e7a. Sua decis\u00e3o foi anunciada ap\u00f3s uma reuni\u00e3o entre os dois nesta manh\u00e3.<\/p>\n<p>Moro partiu de Curitiba e chegou na casa de Bolsonaro, na Barra da Tijuca, no Rio de Janeiro, um pouco antes das 9h. Durante voo, o juiz afirmou \u00e0 reportagem da TV Globo que seu cargo no minist\u00e9rio dependia de agenda anticorrup\u00e7\u00e3o e anticrime organizado para o pa\u00eds.<\/p>\n<p>\u201cSe houver a possibilidade de uma implementa\u00e7\u00e3o dessa agenda, converg\u00eancia de ideias, como isso ser feito, ent\u00e3o h\u00e1 uma possibilidade\u201d, afirmou Moro. Ap\u00f3s o encontro, o juiz divulgou nota dizendo que aceitou \u201chonrado\u201d o convite.<\/p>\n<p>Moro \u00e9 o quinto ministro anunciado pelo governo Bolsonaro. O presidente eleito j\u00e1 confirmou outros quatro: Onyx Lorenzoni (Casa Civil), Paulo Guedes (Economia), general Augusto Heleno (Defesa) e Marcos Pontes (Ci\u00eancia e Tecnologia).<\/p>\n<p>Confira a nota completa divulgada pelo juiz S\u00e9rgio Moro, respons\u00e1vel pela\u00a0<a href=\"https:\/\/guiame.com.br\/gospel\/noticias\/biblia-e-o-principal-livro-dessa-vara-diz-juiz-da-lava-jato-no-rio.html\"><strong>Lava Jato<\/strong><\/a>\u00a0em Curitiba:<\/p>\n<p><em>\u201cFui convidado pelo Sr. Presidente eleito para ser nomeado Ministro da Justi\u00e7a e da Seguran\u00e7a P\u00fablica na pr\u00f3xima gest\u00e3o. Ap\u00f3s reuni\u00e3o pessoal na qual foram discutidas pol\u00edticas para a pasta, aceitei o honrado convite. Fiz com certo pesar pois terei que abandonar 22 anos de magistratura. No entanto, a perspectiva de implementar uma forte agenda anticorrup\u00e7\u00e3o e anticrime organizado, com respeito a Constitui\u00e7\u00e3o, a lei e aos direitos, levaram-me a tomar esta decis\u00e3o. Na pr\u00e1tica, significa consolidar os avan\u00e7os contra o crime e a corrup\u00e7\u00e3o dos \u00faltimos anos e afastar riscos de retrocessos por um bem maior. A Opera\u00e7\u00e3o Lava Jato seguir\u00e1 em Curitiba com os valorosos ju\u00edzes locais. De todo modo, para evitar controv\u00e9rsias desnecess\u00e1rias, devo desde logo afastar-me de novas audi\u00eancias. Na pr\u00f3xima semana, concederei entrevista coletiva com maiores detalhes<\/em><\/p>\n<p><em>Curitiba, 01 de novembro de 2018.<\/em><\/p>\n<p><em>Sergio Fernando Moro\u201d.<\/em><\/p>\n<p>FONTE: GUIAME, COM INFORMA\u00c7\u00d5ES DO G1<\/p>\n","protected":false},"excerpt":{"rendered":"<p>O juiz federal S\u00e9rgio Moro aceitou nesta quinta-feira (1\u00ba) o convite do presidente eleito\u00a0Jair Bolsonaro(PSL) para chefiar o Minist\u00e9rio da Justi\u00e7a. Sua decis\u00e3o foi anunciada ap\u00f3s uma reuni\u00e3o entre os dois nesta manh\u00e3. Moro partiu de Curitiba e chegou na casa de Bolsonaro, na Barra da Tijuca, no Rio de Janeiro, um pouco antes das [&hellip;]<\/p>\n","protected":false},"author":2,"featured_media":1744,"comment_status":"open","ping_status":"open","sticky":false,"template":"","format":"standard","meta":[],"categories":[2,6],"tags":[],"_links":{"self":[{"href":"https:\/\/dgospel.com.br\/portal\/index.php\/wp-json\/wp\/v2\/posts\/1743"}],"collection":[{"href":"https:\/\/dgospel.com.br\/portal\/index.php\/wp-json\/wp\/v2\/posts"}],"about":[{"href":"https:\/\/dgospel.com.br\/portal\/index.php\/wp-json\/wp\/v2\/types\/post"}],"author":[{"embeddable":true,"href":"https:\/\/dgospel.com.br\/portal\/index.php\/wp-json\/wp\/v2\/users\/2"}],"replies":[{"embeddable":true,"href":"https:\/\/dgospel.com.br\/portal\/index.php\/wp-json\/wp\/v2\/comments?post=1743"}],"version-history":[{"count":1,"href":"https:\/\/dgospel.com.br\/portal\/index.php\/wp-json\/wp\/v2\/posts\/1743\/revisions"}],"predecessor-version":[{"id":1745,"href":"https:\/\/dgospel.com.br\/portal\/index.php\/wp-json\/wp\/v2\/posts\/1743\/revisions\/1745"}],"wp:featuredmedia":[{"embeddable":true,"href":"https:\/\/dgospel.com.br\/portal\/index.php\/wp-json\/wp\/v2\/media\/1744"}],"wp:attachment":[{"href":"https:\/\/dgospel.com.br\/portal\/index.php\/wp-json\/wp\/v2\/media?parent=1743"}],"wp:term":[{"taxonomy":"category","embeddable":true,"href":"https:\/\/dgospel.com.br\/portal\/index.php\/wp-json\/wp\/v2\/categories?post=1743"},{"taxonomy":"post_tag","embeddable":true,"href":"https:\/\/dgospel.com.br\/portal\/index.php\/wp-json\/wp\/v2\/tags?post=1743"}],"curies":[{"name":"wp","href":"https:\/\/api.w.org\/{rel}","templated":true}]}}