{"id":17436,"date":"2023-10-13T15:11:31","date_gmt":"2023-10-13T18:11:31","guid":{"rendered":"http:\/\/dgospel.com.br\/portal\/?p=17436"},"modified":"2023-10-13T15:11:32","modified_gmt":"2023-10-13T18:11:32","slug":"blinken-enquanto-eua-existirem-israel-nao-tera-que-se-defender-so","status":"publish","type":"post","link":"https:\/\/dgospel.com.br\/portal\/index.php\/2023\/10\/13\/blinken-enquanto-eua-existirem-israel-nao-tera-que-se-defender-so\/","title":{"rendered":"Blinken: Enquanto EUA existirem Israel n\u00e3o ter\u00e1 que se defender s\u00f3"},"content":{"rendered":"\n<p>O secret\u00e1rio de Estado dos Estados Unidos, Antony Blinken, reiterou, nesta quinta-feira (12), em Tel Aviv que, enquanto o seu pa\u00eds existir, Israel n\u00e3o ter\u00e1 de se defender sozinho.<\/p>\n\n\n\n<p>\u2013 A mensagem que trago a Israel \u00e9 que voc\u00ea pode ser forte o suficiente para se defender por sua conta, mas enquanto os Estados Unidos existirem, voc\u00ea nunca precisar\u00e1 faz\u00ea-lo. Estaremos sempre ao seu lado \u2013 prometeu Blinken em uma coletiva de imprensa ao lado do primeiro-ministro israelense, Benjamin Netanyahu.<\/p>\n\n\n\n<p>Blinken confirmou ainda que 25 americanos morreram em Israel nos \u00faltimos dias.<\/p>\n\n\n\n<p>O chefe da diplomacia americana indicou que o grupo terrorista isl\u00e2mico Hamas, que controla a Faixa de Gaza e que lan\u00e7ou um ataque por terra, mar e ar contra Israel no \u00faltimo s\u00e1bado (7), n\u00e3o cometeu estes \u201catos atrozes tendo em mente os interesses do povo palestino\u201d.<\/p>\n\n\n\n<p>\u2013 N\u00e3o h\u00e1 pretexto para estes atos horrendos \u2013 declarou Blinken, que come\u00e7ou sua fala afirmando que n\u00e3o foi a Israel apenas como secret\u00e1rio de Estado, mas tamb\u00e9m como judeu.<\/p>\n\n\n\n<p>Al\u00e9m disso, ressaltou que \u201cIsrael tem o direito e a obriga\u00e7\u00e3o de se defender\u201d e de garantir que isso n\u00e3o aconte\u00e7a novamente, e revelou que conversou com Netanyahu sobre a import\u00e2ncia de como Israel cumprir\u00e1 esse prop\u00f3sito.<\/p>\n\n\n\n<p>\u2013 N\u00f3s, as democracias, distinguimo-nos dos terroristas por termos padr\u00f5es diferentes, mesmo quando isso \u00e9 dif\u00edcil, e por nos responsabilizarmos \u2013 observou.<\/p>\n\n\n\n<p>Nesse sentido, acrescentou que a humanidade e o valor dado \u00e0 vida e \u00e0 dignidade humanas \u00e9 o que faz uma democracia e o que a torna forte.<\/p>\n\n\n\n<p>\u2013 \u00c9 por isso que \u00e9 t\u00e3o importante tomar todas as precau\u00e7\u00f5es poss\u00edveis para evitar ferir civis e lamentamos a perda de todas as vidas inocentes. Civis de todas as religi\u00f5es, de todas as nacionalidades morreram \u2013 ressaltou.<\/p>\n\n\n\n<p><strong>DECLARA\u00c7\u00d5ES DE NETANYAHU<\/strong><br>Netanyahu, que falou em hebraico e ingl\u00eas, afirmou na mesma coletiva que a visita de Blinken \u00e9 \u201coutro exemplo tang\u00edvel do apoio inequ\u00edvoco dos EUA a Israel\u201d.<\/p>\n\n\n\n<p>Em seguida, comentou que \u201co Hamas provou ser um inimigo da civiliza\u00e7\u00e3o\u201d com o massacre de jovens em um festival de m\u00fasica ao ar livre e o massacre de fam\u00edlias inteiras, entre outras a\u00e7\u00f5es.<\/p>\n\n\n\n<p>\u2013 O presidente [Joe] Biden tinha raz\u00e3o quando chamou isto de \u201cpuro mal\u201d \u2013 disse o primeiro-ministro, que equiparou o Hamas ao grupo terrorista Estado Isl\u00e2mico (EI) e antecipou que a organiza\u00e7\u00e3o palestina ser\u00e1 \u201cesmagada\u201d.<\/p>\n\n\n\n<p>Netanyahu declarou ainda que \u201co primeiro pr\u00e9-requisito para a vit\u00f3ria \u00e9 a clareza moral\u201d, conceito que, como ele mesmo indicou, Blinken mencionou durante a reuni\u00e3o desta quinta.<\/p>\n\n\n\n<p>\u2013 N\u00e3o condenar claramente o terrorismo n\u00e3o s\u00f3 coloca em risco o povo de Israel, mas as pessoas ao redor do mundo, vejam o que aconteceu, indiv\u00edduos de 36 pa\u00edses morreram ou est\u00e3o desaparecidos ap\u00f3s esses ataques monstruosos \u2013 lamentou o secret\u00e1rio de Estado americano.<\/p>\n\n\n\n<p>Blinken chegou nesta quinta-feira a Tel Aviv, onde, al\u00e9m de se encontrar com Netanyahu, teve uma reuni\u00e3o com seu hom\u00f3logo israelense, Eli Cohen, com quem tamb\u00e9m discutiu o apoio americano a Israel em n\u00edvel internacional e a coopera\u00e7\u00e3o na guerra contra o Hamas.<\/p>\n\n\n\n<p>*EFE<\/p>\n","protected":false},"excerpt":{"rendered":"<p>O secret\u00e1rio de Estado dos Estados Unidos, Antony Blinken, reiterou, nesta quinta-feira (12), em Tel Aviv que, enquanto o seu pa\u00eds existir, Israel n\u00e3o ter\u00e1 de se defender sozinho. \u2013 A mensagem que trago a Israel \u00e9 que voc\u00ea pode ser forte o suficiente para se defender por sua conta, mas enquanto os Estados Unidos [&hellip;]<\/p>\n","protected":false},"author":2,"featured_media":17437,"comment_status":"open","ping_status":"open","sticky":false,"template":"","format":"standard","meta":[],"categories":[16],"tags":[],"_links":{"self":[{"href":"https:\/\/dgospel.com.br\/portal\/index.php\/wp-json\/wp\/v2\/posts\/17436"}],"collection":[{"href":"https:\/\/dgospel.com.br\/portal\/index.php\/wp-json\/wp\/v2\/posts"}],"about":[{"href":"https:\/\/dgospel.com.br\/portal\/index.php\/wp-json\/wp\/v2\/types\/post"}],"author":[{"embeddable":true,"href":"https:\/\/dgospel.com.br\/portal\/index.php\/wp-json\/wp\/v2\/users\/2"}],"replies":[{"embeddable":true,"href":"https:\/\/dgospel.com.br\/portal\/index.php\/wp-json\/wp\/v2\/comments?post=17436"}],"version-history":[{"count":1,"href":"https:\/\/dgospel.com.br\/portal\/index.php\/wp-json\/wp\/v2\/posts\/17436\/revisions"}],"predecessor-version":[{"id":17438,"href":"https:\/\/dgospel.com.br\/portal\/index.php\/wp-json\/wp\/v2\/posts\/17436\/revisions\/17438"}],"wp:featuredmedia":[{"embeddable":true,"href":"https:\/\/dgospel.com.br\/portal\/index.php\/wp-json\/wp\/v2\/media\/17437"}],"wp:attachment":[{"href":"https:\/\/dgospel.com.br\/portal\/index.php\/wp-json\/wp\/v2\/media?parent=17436"}],"wp:term":[{"taxonomy":"category","embeddable":true,"href":"https:\/\/dgospel.com.br\/portal\/index.php\/wp-json\/wp\/v2\/categories?post=17436"},{"taxonomy":"post_tag","embeddable":true,"href":"https:\/\/dgospel.com.br\/portal\/index.php\/wp-json\/wp\/v2\/tags?post=17436"}],"curies":[{"name":"wp","href":"https:\/\/api.w.org\/{rel}","templated":true}]}}