{"id":17439,"date":"2023-10-13T15:20:29","date_gmt":"2023-10-13T18:20:29","guid":{"rendered":"http:\/\/dgospel.com.br\/portal\/?p=17439"},"modified":"2023-10-13T15:20:30","modified_gmt":"2023-10-13T18:20:30","slug":"ataque-terrorista-do-hamas-a-israel-e-considerado-o-mais-mortifero-da-historia-do-pais","status":"publish","type":"post","link":"https:\/\/dgospel.com.br\/portal\/index.php\/2023\/10\/13\/ataque-terrorista-do-hamas-a-israel-e-considerado-o-mais-mortifero-da-historia-do-pais\/","title":{"rendered":"Ataque terrorista do Hamas a Israel \u00e9 considerado o mais mort\u00edfero da hist\u00f3ria do pa\u00eds"},"content":{"rendered":"\n<p>O&nbsp;<strong><a href=\"https:\/\/guiame.com.br\/gospel\/israel\/estamos-em-guerra-israel-sofre-ataque-ao-fim-da-festa-dos-tabernaculos.html\">ataque terrorista do Hamas<\/a><\/strong>&nbsp;contra Israel, iniciado em 7 de outubro de 2023, com foguetes, combatentes mascarados de parapentes e incurs\u00f5es terrestres em \u00e1reas residenciais e urbanas, que provocou um massacre sangrento, \u00e9 considerado o mais mortal dos \u00faltimos 50 anos.<\/p>\n\n\n\n<p>\u201cEste \u00e9 o pior ataque a Israel desde a Guerra do Yom Kipur em 1973 \u2013 50 anos atr\u00e1s. Mas h\u00e1 uma grande diferen\u00e7a. Essa foi uma guerra convencional entre pa\u00edses, entre ex\u00e9rcitos\u201d, disse Antony Blinken, secret\u00e1rio de Estado norte-americano, \u00e0 CNN.<\/p>\n\n\n\n<p>E explicou: \u201cIsto [agora \u00e9] um ataque terrorista massivo contra civis israelitas \u2013 disparos indiscriminados de foguetes contra civis, milhares de foguetes; homens, mulheres e crian\u00e7as arrastados atrav\u00e9s da fronteira para Gaza, incluindo um\u00a0<strong><a href=\"https:\/\/guiame.com.br\/gospel\/noticias\/sobrevivente-do-holocausto-falava-sobre-jesus-no-campo-de-concentracao.html\">sobrevivente do Holocausto<\/a><\/strong>\u00a0numa cadeira de rodas; pessoas mortas a tiros nas ruas, civis. Ent\u00e3o, voc\u00ea pode imaginar o impacto que isso est\u00e1 tendo em Israel, e deveria ser algo que revolta o mundo inteiro\u201d.<\/p>\n\n\n\n<figure class=\"wp-block-embed is-type-video is-provider-youtube wp-block-embed-youtube wp-embed-aspect-16-9 wp-has-aspect-ratio\"><div class=\"wp-block-embed__wrapper\">\n<iframe loading=\"lazy\" title=\"Blinken says US working to verify reports of several Americans dead and missing in Israel\" width=\"630\" height=\"354\" src=\"https:\/\/www.youtube.com\/embed\/DO4R4ZKPnmg?start=186&#038;feature=oembed\" frameborder=\"0\" allow=\"accelerometer; autoplay; clipboard-write; encrypted-media; gyroscope; picture-in-picture; web-share\" allowfullscreen><\/iframe>\n<\/div><\/figure>\n\n\n\n<p>A a\u00e7\u00e3o ousada e sofisticada do grupo extremista isl\u00e2mico Hamas, que teve sua origem em 1988 e, desde ent\u00e3o, se transformou em uma das duas principais amea\u00e7as \u00e0 seguran\u00e7a de Israel, promoveu at\u00e9 o momento mais de 1.200 mortes de israelenses e estrangeiros dentro de seu territ\u00f3rio, segundo fontes oficiais de Israel.<\/p>\n\n\n\n<p>Uma das testemunhas do horror, o jogador de futebol brasileiro Lucas Spinola Salinas, de 27 anos, natural de Sorocaba (SP) que vive em Israel h\u00e1 pouco mais de um ano, contou:<\/p>\n\n\n\n<p>&#8220;Todo mundo fala que esse \u00e9 o pior ataque dos \u00faltimos 50 anos. \u00c9 uma situa\u00e7\u00e3o muito complicada, porque Israel \u00e9 um pa\u00eds pequeno e o n\u00famero de mortes j\u00e1 est\u00e1 muito elevado. Muitos jogadores do meu clube conhecem pessoas que infelizmente vieram a falecer. Eu pessoalmente n\u00e3o conhe\u00e7o nenhuma, mas todos os conhecidos aqui perderam algu\u00e9m&#8221;, completa.<\/p>\n\n\n\n<p><img src=\"https:\/\/thumbor.guiame.com.br\/unsafe\/smart\/https:\/\/media.guiame.com.br\/archives\/2023\/10\/12\/692270733-lucas-spinola-salinas.png\" alt=\"\" width=\"600\"><sup>O jogador de futebol brasileiro Lucas Spinola Salinas, de 27 anos, que vive em Israel. (Captura de tela\/G1)<\/sup><\/p>\n\n\n\n<p>O jogador disse que ficaria em ora\u00e7\u00e3o para conseguir retornar ao Brasil: &#8220;Eu penso em ir para o Brasil em breve. Comprei um voo para Porto na quarta-feira (11). Foi o primeiro que achei, porque muitas companhias a\u00e9reas est\u00e3o cancelando os voos aqui e eles recomendaram comprar por tr\u00eas ou quatro companhias daqui. Se Deus quiser, quarta-feira estarei partindo. Vamos estar em ora\u00e7\u00e3o para que esse voo n\u00e3o seja cancelado e para que a situa\u00e7\u00e3o aqui acabe o mais r\u00e1pido poss\u00edvel para a gente ficar em paz.&#8221;<\/p>\n\n\n\n<p>O ato terrorista assassinou fam\u00edlias inteiras, jovens, militares e at\u00e9&nbsp;<strong><a href=\"https:\/\/guiame.com.br\/gospel\/israel\/criancas-israelenses-sao-mantidas-refens-pelo-hamas-incluindo-um-bebe-de-9-meses.html\">crian\u00e7as<\/a><\/strong>, al\u00e9m de mais de uma centena de pessoas \u2013 israelenses e dezenas de outras nacionalidades \u2013 terem sido feitas ref\u00e9ns.<\/p>\n\n\n\n<p>Em seu pronunciamento na ter\u00e7a-feira (10), o presidente americano Joe Biden disse:<\/p>\n\n\n\n<p>&#8220;[&#8230;] infelizmente, para o povo judeu, n\u00e3o \u00e9 novo. Este ataque trouxe \u00e0 tona mem\u00f3rias dolorosas e as cicatrizes deixadas por mil\u00eanios de antissemitismo e genoc\u00eddio do povo judeu. Portanto, neste momento, devemos ser absolutamente claros: Estamos com Israel. Estamos com Israel. E garantiremos que Israel tenha o que precisa para cuidar dos seus cidad\u00e3os, defender-se e responder a este ataque. N\u00e3o h\u00e1 justifica\u00e7\u00e3o para o terrorismo. N\u00e3o h\u00e1 desculpa\u201d.<\/p>\n\n\n\n<p><strong>50 anos depois<\/strong><\/p>\n\n\n\n<p>A data dos ataques \u00e9 algo que tem chamado a aten\u00e7\u00e3o de especialistas, jornalistas e comentaristas pol\u00edticos por ter sido no 50\u00ba anivers\u00e1rio da guerra iniciada em 1973 pelo Egito e pela S\u00edria contra Israel.<\/p>\n\n\n\n<p><img src=\"https:\/\/thumbor.guiame.com.br\/unsafe\/smart\/https:\/\/media.guiame.com.br\/archives\/2023\/10\/12\/1385001262-.jpg\" alt=\"\" width=\"600\"><sup>Guerra do Yom Kipur. (Foto: Wikimedia\/Creative Commons)<\/sup><\/p>\n\n\n\n<p>A Guerra do Yom Kipur, tamb\u00e9m conhecida como Guerra do Dia do Perd\u00e3o, foi um conflito que eclodiu em 6 de outubro de 1973, quando as na\u00e7\u00f5es \u00e1rabes, lideradas pelo Egito e S\u00edria, lan\u00e7aram ataques surpresa contra Israel no Dia do Perd\u00e3o,&nbsp;<strong><a href=\"https:\/\/guiame.com.br\/gospel\/israel\/yom-kipur-origem-e-significado-biblico-do-dia-mais-sagrado-do-calendario-judaico.html\">o feriado mais sagrado do calend\u00e1rio judaico<\/a><\/strong>.<\/p>\n\n\n\n<p>Israel, inicialmente pego de surpresa, respondeu com vigor, resultando em combates intensos no Sinai e nas Colinas de Gol\u00e3.<\/p>\n\n\n\n<p>O conflito teve impactos significativos nas rela\u00e7\u00f5es entre Israel e os pa\u00edses \u00e1rabes e, ap\u00f3s cerca de tr\u00eas semanas de combates, culminou em um cessar-fogo, contribuindo para negocia\u00e7\u00f5es de paz subsequentes, incluindo os Acordos de Camp David em 1978 entre Israel e o Egito.<\/p>\n\n\n\n<p><strong>N\u00e3o coincid\u00eancia<\/strong><\/p>\n\n\n\n<p>Para muitos especialistas em hist\u00f3ria de Israel, a data n\u00e3o \u00e9 coincid\u00eancia, mas uma estrat\u00e9gia pensada pelos terroristas, tendo em vista que Israel estava em meio ao shabbat, o dia de descanso semanal no juda\u00edsmo, que come\u00e7a ao p\u00f4r do sol de sexta-feira e termina ao p\u00f4r do sol de s\u00e1bado. As a\u00e7\u00f5es terroristas come\u00e7aram por volta das 6h30 do s\u00e1bado (07).<\/p>\n\n\n\n<p>O shabbat \u00e9 considerado um dos pilares do juda\u00edsmo e \u00e9 um dia de descanso, ora\u00e7\u00e3o e reflex\u00e3o para os judeus. Durante este dia os judeus tradicionalmente cessam o trabalho secular, acendem velas, participam de servi\u00e7os religiosos na sinagoga, recitam b\u00ean\u00e7\u00e3os especiais, fazem refei\u00e7\u00f5es festivas e passam tempo de qualidade em fam\u00edlia.<\/p>\n\n\n\n<p>Este per\u00edodo de desconex\u00e3o das atividades cotidianas deve ter sido a oportunidade para os terroristas surpreenderem os israelenses com a invas\u00e3o e ataques empreendidos em seu territ\u00f3rio.<\/p>\n","protected":false},"excerpt":{"rendered":"<p>O&nbsp;ataque terrorista do Hamas&nbsp;contra Israel, iniciado em 7 de outubro de 2023, com foguetes, combatentes mascarados de parapentes e incurs\u00f5es terrestres em \u00e1reas residenciais e urbanas, que provocou um massacre sangrento, \u00e9 considerado o mais mortal dos \u00faltimos 50 anos. \u201cEste \u00e9 o pior ataque a Israel desde a Guerra do Yom Kipur em 1973 [&hellip;]<\/p>\n","protected":false},"author":2,"featured_media":17440,"comment_status":"open","ping_status":"open","sticky":false,"template":"","format":"standard","meta":[],"categories":[16],"tags":[13],"_links":{"self":[{"href":"https:\/\/dgospel.com.br\/portal\/index.php\/wp-json\/wp\/v2\/posts\/17439"}],"collection":[{"href":"https:\/\/dgospel.com.br\/portal\/index.php\/wp-json\/wp\/v2\/posts"}],"about":[{"href":"https:\/\/dgospel.com.br\/portal\/index.php\/wp-json\/wp\/v2\/types\/post"}],"author":[{"embeddable":true,"href":"https:\/\/dgospel.com.br\/portal\/index.php\/wp-json\/wp\/v2\/users\/2"}],"replies":[{"embeddable":true,"href":"https:\/\/dgospel.com.br\/portal\/index.php\/wp-json\/wp\/v2\/comments?post=17439"}],"version-history":[{"count":1,"href":"https:\/\/dgospel.com.br\/portal\/index.php\/wp-json\/wp\/v2\/posts\/17439\/revisions"}],"predecessor-version":[{"id":17441,"href":"https:\/\/dgospel.com.br\/portal\/index.php\/wp-json\/wp\/v2\/posts\/17439\/revisions\/17441"}],"wp:featuredmedia":[{"embeddable":true,"href":"https:\/\/dgospel.com.br\/portal\/index.php\/wp-json\/wp\/v2\/media\/17440"}],"wp:attachment":[{"href":"https:\/\/dgospel.com.br\/portal\/index.php\/wp-json\/wp\/v2\/media?parent=17439"}],"wp:term":[{"taxonomy":"category","embeddable":true,"href":"https:\/\/dgospel.com.br\/portal\/index.php\/wp-json\/wp\/v2\/categories?post=17439"},{"taxonomy":"post_tag","embeddable":true,"href":"https:\/\/dgospel.com.br\/portal\/index.php\/wp-json\/wp\/v2\/tags?post=17439"}],"curies":[{"name":"wp","href":"https:\/\/api.w.org\/{rel}","templated":true}]}}