{"id":17442,"date":"2023-10-13T15:33:23","date_gmt":"2023-10-13T18:33:23","guid":{"rendered":"http:\/\/dgospel.com.br\/portal\/?p=17442"},"modified":"2023-10-13T15:33:25","modified_gmt":"2023-10-13T18:33:25","slug":"moradores-de-israel-cantam-de-suas-casas-quem-acredita-em-deus-nao-tem-medo","status":"publish","type":"post","link":"https:\/\/dgospel.com.br\/portal\/index.php\/2023\/10\/13\/moradores-de-israel-cantam-de-suas-casas-quem-acredita-em-deus-nao-tem-medo\/","title":{"rendered":"Moradores de Israel cantam de suas casas: \u201cQuem acredita em Deus n\u00e3o tem medo\u201d"},"content":{"rendered":"\n<p>Milhares de filmagens nas redes sociais mostram, quase que instantaneamente, cenas de horror provocadas pelos ataques b\u00e1rbaros e violentos do&nbsp;<strong><a href=\"https:\/\/guiame.com.br\/gospel\/israel\/guerra-entre-israel-e-hamas-o-que-vai-acontecer-agora.html\">grupo terrorista Hamas<\/a><\/strong>&nbsp;em solo israelense.<\/p>\n\n\n\n<p>Kibutz invadidos, motoristas e suas fam\u00edlias sendo arrancados de dentro dos carros nas estradas do sul do pa\u00eds e mortos, jovens sendo perseguidos e assassinados em uma festa rave, corpos de judeus e outros cidad\u00e3os exibidos como trof\u00e9us.<\/p>\n\n\n\n<p>O terror foi iniciado pelos extremistas fortemente e impiedosamente armados nas primeiras horas de s\u00e1bado (07), ao final da&nbsp;<strong><a href=\"https:\/\/guiame.com.br\/gospel\/israel\/estamos-em-guerra-israel-sofre-ataque-ao-fim-da-festa-dos-tabernaculos.html\">Festa dos Tabern\u00e1culos<\/a><\/strong>&nbsp;e em meio a um feriado religioso judaico.<\/p>\n\n\n\n<p>Enquanto uma guerra foi decretada pelo primeiro-ministro de Israel Benjamin Netanyahu contra o Hamas, no mesmo dia do ataque, um outro tipo de rea\u00e7\u00e3o surge entre os judeus: a unidade como povo.<\/p>\n\n\n\n<p>Centenas de v\u00eddeos mostram a for\u00e7a dos judeus e sua unidade em torno do seu pa\u00eds. Uma delas foi postada por Persio Bider, um brasileiro que ensina sobre a hist\u00f3ria de Israel e do povo judeu.<\/p>\n\n\n\n<p>Com a legenda \u201c\u200eQuem acredita (em D\u2019us) n\u00e3o tem porque ter medo\u201d, Persio mostrou moradores de Ashdod, cidade no sul de Israel perto de Gaza, onde os confrontos da guerra t\u00eam sido mais intensos.<\/p>\n\n\n\n<p>\u201cEles filmaram essa celebra\u00e7\u00e3o dos moradores cantando juntos: Quem acredita n\u00e3o tem medo\u201d, escreveu tamb\u00e9m.<\/p>\n\n\n\n<p><a href=\"https:\/\/www.instagram.com\/p\/CyOviLFKh1j\/\">https:\/\/www.instagram.com\/p\/CyOviLFKh1j\/<\/a><\/p>\n\n\n\n<p>Outra brasileira que vive em Israel,&nbsp;<strong><a href=\"https:\/\/guiame.com.br\/gospel\/israel\/o-hamas-quer-destruir-israel-diz-aline-durante-live-com-rodrigo-silva\">Aline Szewkies<\/a><\/strong>&nbsp;tamb\u00e9m postou um v\u00eddeo com israelenses cantando o hino do pa\u00eds:<\/p>\n\n\n\n<p>\u201cEles n\u00e3o conseguir\u00e3o nos derrotar! Milhares de Israelenses v\u00e3o as suas sacadas cantar o hino de Israel\u201d, escreveu na legenda.<\/p>\n\n\n\n<p><a href=\"https:\/\/www.instagram.com\/reel\/CyPDCqwMK_C\/?utm_source=ig_embed&amp;ig_rid=f3127432-be5f-4b53-9191-10454b9d2c45\">https:\/\/www.instagram.com\/reel\/CyPDCqwMK_C\/?utm_source=ig_embed&amp;ig_rid=f3127432-be5f-4b53-9191-10454b9d2c45<\/a><\/p>\n\n\n\n<p>Um outro v\u00eddeo mostra jovens estudantes judeus americanos abra\u00e7ados e orando em frente ao Muro das Lamenta\u00e7\u00f5es, em Jerusal\u00e9m.<\/p>\n\n\n\n<p><a href=\"https:\/\/www.instagram.com\/reel\/CyQh2s5tTqv\/?utm_source=ig_embed&amp;ig_rid=635414f8-2a4e-4286-bf13-a6aa9fd6b3b2\">https:\/\/www.instagram.com\/reel\/CyQh2s5tTqv\/?utm_source=ig_embed&amp;ig_rid=635414f8-2a4e-4286-bf13-a6aa9fd6b3b2<\/a><\/p>\n\n\n\n<p>\u201cEstudantes americanos em ora\u00e7\u00e3o no Muro das Lamenta\u00e7\u00f5es em meio \u00e0 guerra contra o Hamas\u201d, diz a legenda.<\/p>\n","protected":false},"excerpt":{"rendered":"<p>Milhares de filmagens nas redes sociais mostram, quase que instantaneamente, cenas de horror provocadas pelos ataques b\u00e1rbaros e violentos do&nbsp;grupo terrorista Hamas&nbsp;em solo israelense. Kibutz invadidos, motoristas e suas fam\u00edlias sendo arrancados de dentro dos carros nas estradas do sul do pa\u00eds e mortos, jovens sendo perseguidos e assassinados em uma festa rave, corpos de [&hellip;]<\/p>\n","protected":false},"author":2,"featured_media":17443,"comment_status":"open","ping_status":"open","sticky":false,"template":"","format":"standard","meta":[],"categories":[5],"tags":[13],"_links":{"self":[{"href":"https:\/\/dgospel.com.br\/portal\/index.php\/wp-json\/wp\/v2\/posts\/17442"}],"collection":[{"href":"https:\/\/dgospel.com.br\/portal\/index.php\/wp-json\/wp\/v2\/posts"}],"about":[{"href":"https:\/\/dgospel.com.br\/portal\/index.php\/wp-json\/wp\/v2\/types\/post"}],"author":[{"embeddable":true,"href":"https:\/\/dgospel.com.br\/portal\/index.php\/wp-json\/wp\/v2\/users\/2"}],"replies":[{"embeddable":true,"href":"https:\/\/dgospel.com.br\/portal\/index.php\/wp-json\/wp\/v2\/comments?post=17442"}],"version-history":[{"count":1,"href":"https:\/\/dgospel.com.br\/portal\/index.php\/wp-json\/wp\/v2\/posts\/17442\/revisions"}],"predecessor-version":[{"id":17444,"href":"https:\/\/dgospel.com.br\/portal\/index.php\/wp-json\/wp\/v2\/posts\/17442\/revisions\/17444"}],"wp:featuredmedia":[{"embeddable":true,"href":"https:\/\/dgospel.com.br\/portal\/index.php\/wp-json\/wp\/v2\/media\/17443"}],"wp:attachment":[{"href":"https:\/\/dgospel.com.br\/portal\/index.php\/wp-json\/wp\/v2\/media?parent=17442"}],"wp:term":[{"taxonomy":"category","embeddable":true,"href":"https:\/\/dgospel.com.br\/portal\/index.php\/wp-json\/wp\/v2\/categories?post=17442"},{"taxonomy":"post_tag","embeddable":true,"href":"https:\/\/dgospel.com.br\/portal\/index.php\/wp-json\/wp\/v2\/tags?post=17442"}],"curies":[{"name":"wp","href":"https:\/\/api.w.org\/{rel}","templated":true}]}}