{"id":17445,"date":"2023-10-13T15:42:18","date_gmt":"2023-10-13T18:42:18","guid":{"rendered":"http:\/\/dgospel.com.br\/portal\/?p=17445"},"modified":"2023-10-13T15:42:51","modified_gmt":"2023-10-13T18:42:51","slug":"em-nota-grupo-de-pastores-condena-ataque-a-israel-e-faz-convocacao-por-oracao","status":"publish","type":"post","link":"https:\/\/dgospel.com.br\/portal\/index.php\/2023\/10\/13\/em-nota-grupo-de-pastores-condena-ataque-a-israel-e-faz-convocacao-por-oracao\/","title":{"rendered":"Em nota, grupo de pastores condena ataque a Israel e faz convoca\u00e7\u00e3o por ora\u00e7\u00e3o"},"content":{"rendered":"\n<p>Pastores que integram o grupo Coaliz\u00e3o Pelo Evangelho fizeram um manifesto condenando os ataques do Hamas a Israel. Os terroristas isl\u00e2micos&nbsp;<a href=\"https:\/\/noticias.gospelmais.com.br\/profecia-se-cumprindo-pastor-ataques-israel-164987.html\">atacaram o pa\u00eds<\/a>&nbsp;judaico no \u00faltimo dia 7, iniciando uma nova guerra no Oriente M\u00e9dio, com centenas de inocentes mortos em poucas horas.<\/p>\n\n\n\n<p>\u201cO grupo terrorista Hamas oprime cidad\u00e3os palestinos que n\u00e3o se submetem \u00e0s suas determina\u00e7\u00f5es e perseguem os crist\u00e3os \u00e1rabes em seu territ\u00f3rio com selvageria\u201d, diz o documento.<\/p>\n\n\n\n<p>\u201cEm nome da paz, da justi\u00e7a e do respeito pela vida e direitos humanos, manifestamos nosso mais veemente rep\u00fadio \u00e0s a\u00e7\u00f5es terroristas perpetradas contra o Estado de Israel.\u201d<\/p>\n\n\n\n<p>Nomes como Jonas Madureira, Augustus Nicodemus, Franklin Gerreira e Davi Gomes assinam o documento em apoio a Israel, onde \u00e9 exposto um pouco do hist\u00f3rico envolvendo a t\u00e1tica terrorista na regi\u00e3o da Palestina.<\/p>\n\n\n\n<p>\u201cComo \u00e9 sabido, o grupo terrorista Hamas abriga seus comandos dentro ou perto de hospitais, creches, ou em \u00e1reas congestionadas com popula\u00e7\u00e3o civil. Insens\u00edveis, colocam o pr\u00f3prio povo \u00e1rabe palestino em perigo para se protegerem\u201d, ressalta a nota.<\/p>\n\n\n\n<h2>Chamado \u00e0 ora\u00e7\u00e3o<\/h2>\n\n\n\n<p>Os pastores fazem um apelo ao mundo crist\u00e3o para que inicie ora\u00e7\u00f5es pela paz no Oriente M\u00e9dio, em especial por Israel, pa\u00eds atacado covardemente pelos terroristas que tiveram os civis inocentes como principais alvos.<\/p>\n\n\n\n<p>\u201cRejeitamos qualquer forma de terrorismo, tal qual o terrorismo jihadista isl\u00e2mico, independentemente de sua origem, e instamos a comunidade internacional, os homens de bem e, sobretudo, a igreja crist\u00e3 a expressar sua indigna\u00e7\u00e3o contra os ataques covardes sofrido pelo povo judeu, bem como a promover esfor\u00e7os para que essas hostilidades sejam cessadas imediatamente.\u201d<\/p>\n\n\n\n<p>Para os pastores, o apoio a Israel n\u00e3o deve ser colocado em d\u00favida, tendo em vista a crueldade dos ataques terroristas e o grande objetivo do Hamas e outros grupos, como a Jihad Isl\u00e2mica, que \u00e9 exterminar o povo de Israel.<\/p>\n\n\n\n<p>\u201cTais atos s\u00e3o movidos por uma \u00e2nsia pela perturba\u00e7\u00e3o da paz, pelo \u00f3dio aos judeus e tem como objetivo gerar instabilidade na regi\u00e3o e mais al\u00e9m. Os ataques do Hamas deveriam encher de indigna\u00e7\u00e3o as pessoas possuidoras de um m\u00ednimo de dec\u00eancia e senso moral, gerando apoio inequ\u00edvoco a Israel\u201d, diz a&nbsp;<a href=\"https:\/\/coalizaopeloevangelho.org\/article\/chamado-a-oracao-por-israel-e-pela-paz-no-oriente-medio\/\">nota<\/a>. Veja a lista dos pastores, abaixo:<\/p>\n\n\n\n<p><strong>Conselho da Coaliz\u00e3o pelo Evangelho<\/strong><\/p>\n\n\n\n<p>Augustus Nicodemus Lopes \u00e9 pastor auxiliar na Primeira Igreja Presbiteriana do Recife.<\/p>\n\n\n\n<p>Cleyton Gadelha \u00e9 pastor em\u00e9rito da Igreja Batista de Parquel\u00e2ndia (Fortaleza\/CE) e diretor executivo da Escola Teol\u00f3gica Charles Spurgeon.<\/p>\n\n\n\n<p>Davi Charles Gomes \u00e9 pastor da Igreja Presbiteriana Paulistana (S\u00e3o Paulo\/SP) e CEO da World Reformed Fellowship.<\/p>\n\n\n\n<p>Em\u00edlio Garofalo \u00e9 pastor da Igreja Presbiteriana Semear (Bras\u00edlia\/DF).<\/p>\n\n\n\n<p>Euder Faber \u00e9 pastor da Igreja O Brasil para Cristo (Campina Grande\/PB) e presidente da Vis\u00e3o Nacional para a Consci\u00eancia Crist\u00e3.<\/p>\n\n\n\n<p>Franklin Ferreira \u00e9 pastor da Igreja da Trindade (S\u00e3o Jos\u00e9 dos Campos\/SP), co-fundador e reitor do Semin\u00e1rio Martin Bucer.<\/p>\n\n\n\n<p>Heber Carlos de Campos J\u00fanior, pastor da Igreja Presbiteriana do Parque das Na\u00e7\u00f5es (Santo Andr\u00e9, SP), professor no Centro Presbiteriano de P\u00f3s-Gradua\u00e7\u00e3o Andrew Jumper e do Semin\u00e1rio Teol\u00f3gico Presbiteriano Rev. Jos\u00e9 Manoel da Concei\u00e7\u00e3o (JMC).<\/p>\n\n\n\n<p>H\u00e9lder Cardin \u00e9 pastor na Primeira Igreja Batista de Araras (Araras-SP), chanceler das escolas teol\u00f3gicas Palavra da Vida Brasil e professor pesquisador no Semin\u00e1rio B\u00edblico Palavra da Vida e vice-presidente da Coaliz\u00e3o pelo Evangelho.<\/p>\n\n\n\n<p>Jonas Madureira \u00e9 pastor da Igreja Batista da Palavra (S\u00e3o Paulo\/SP), professor no Semin\u00e1rio Martin Bucer.<\/p>\n\n\n\n<p>Leonardo Sahium \u00e9 pastor da Presbiteriana de Bras\u00edlia (DF) e presidente da Junta de Educa\u00e7\u00e3o Teol\u00f3gica da Igreja Presbiteriana do Brasil.<\/p>\n\n\n\n<p>Luiz Say\u00e3o \u00e9 pastor s\u00eanior da Igreja Batista Na\u00e7\u00f5es Unidas (S\u00e3o Paulo\/SP).<\/p>\n\n\n\n<p>Mauro Meister \u00e9 pastor da Igreja Presbiteriana \u2013 Barra Funda (S\u00e3o Paulo\/SP).<\/p>\n\n\n\n<p>Renato Vargens \u00e9 pastor da Igreja Crist\u00e3 da Alian\u00e7a (Niter\u00f3i\/RJ), escritor e conferencista.<\/p>\n\n\n\n<p>Sillas Campos \u00e9 pastor da Igreja Batista Central de Campinas (Campinas\/SP) e presidente do Minist\u00e9rio Fiel.<\/p>\n\n\n\n<p>Solano Portela \u00e9 presb\u00edtero da Igreja Presbiteriana do Brasil, servindo na Igreja Presbiteriana de Santo Amaro (S\u00e3o Paulo\/ SP). Atualmente aposentado como docente do Centro Presbiteriano de P\u00f3s Gradua\u00e7\u00e3o Andrew Jumper , ensina cursos on-line nas \u00e1reas de educa\u00e7\u00e3o e \u00e9tica, sob demanda.<\/p>\n\n\n\n<p>Tiago J. Santos Filho \u00e9 um dos pastores da Igreja Batista da Gra\u00e7a (S\u00e3o Jos\u00e9 dos Campos\/SP), co-fundador e de\u00e3o de estudos avan\u00e7ados no Semin\u00e1rio Martin Bucer, diretor executivo da Editora Fiel e presidente do Conselho da Coaliz\u00e3o pelo Evangelho.<\/p>\n\n\n\n<p>Valter Reggiani \u00e9 pastor da Igreja Batista Reformada de S\u00e3o Paulo (S\u00e3o Paulo\/SP).<\/p>\n\n\n\n<p>Wilson Porte Jr. \u00e9 pastor da Igreja Batista Liberdade (Araraquara\/SP) e professor e presidente do conselho administrativo do Semin\u00e1rio Martin Bucer.<\/p>\n\n\n\n<p>Pastores associados \u00e0 Coaliz\u00e3o pelo Evangelho:<\/p>\n\n\n\n<p>Alan Renn\u00ea Alexandrino Lima, pastor da Igreja Presbiteriana do Cruzeiro do Anil, S\u00e3o Lu\u00eds\/MA.<\/p>\n\n\n\n<p>Allen Porto, pastor da Primeira Igreja Presbiteriana de Barretos-SP<\/p>\n\n\n\n<p>Fabio Santos, pastor da Igreja Batista Betel de Mesquita\/RJ.<\/p>\n\n\n\n<p>Filipe Costa Fontes, pastor na Igreja Presbiteriana de Santo Amaro e professor do Centro Presbiteriano de P\u00f3s Gradua\u00e7\u00e3o Andrew Jumper.<\/p>\n\n\n\n<p>Fernando Angelim, pastor da Igreja Batista Reformada de Bel\u00e9m, Bel\u00e9m\/PA.<\/p>\n\n\n\n<p>Maur\u00edcio Fonseca dos Santos Jr., presb\u00edtero na Igreja Presbiteriana Paulistana, S\u00e3o Paulo\/SP.<\/p>\n\n\n\n<p>Mauricio Silva de Andrade, pastor s\u00eanior da Primeira Igreja Batista B\u00edblica do Rio de Janeiro, Rio de Janeiro, RJ.<\/p>\n\n\n\n<p>Paulo Cesar Valle, pastor da Igreja Batista do Redentor, Volta Redonda\/RJ.<\/p>\n\n\n\n<p>Rodrigo Majewski, presb\u00edtero, Assembleia de Deus em Porto Alegre, professor no Semin\u00e1rio Martin Bucer e na Faculdade Crist\u00e3 de Curitiba\/PR.<\/p>\n\n\n\n<p>Valdeci Santos, pastor da IPB Campo Belo, S\u00e3o Paulo<\/p>\n\n\n\n<p>Vinicius Musselman Pimentel, um dos pastores da Igreja Batista da Gra\u00e7a, S\u00e3o Jos\u00e9 dos Campos\/SP, e supervisor editorial no Minist\u00e9rio Fiel.<\/p>\n\n\n\n<p>Demais pastores signat\u00e1rios:<\/p>\n\n\n\n<p>Abner Mauro Coelho Fortes, pastor da Igreja Batista Nova Cidade, S\u00e3o Paulo\/SP.<\/p>\n\n\n\n<p>Adriano Elias Alves Vieira, Igreja Batista Hist\u00f3rica, Conselheiro Lafaiete\/MG.<\/p>\n\n\n\n<p>Adriano Ribeiro dos Santos, pastor da Igreja Batista Palavra Fiel, Ponta Grossa\/PR.<\/p>\n\n\n\n<p>Afr\u00e2nio de Oliveira Neves, pastor do presbit\u00e9rio da Igreja Batista Reformada de Bras\u00edlia\/DF, diretor do Minist\u00e9rio EDIFICA.<\/p>\n\n\n\n<p>Alex Daher, pastor da Igreja Batista Jardim Minesota, Sumar\u00e9\/SP<\/p>\n\n\n\n<p>Anderson Dias Carneiro, pastor da Igreja Batista Reformada em Jo\u00e3o Monlevade.<\/p>\n\n\n\n<p>Anderson Figueiredo Vieira, BBC Brazilian Baptist Church\/IBB Igreja Batista Brasileira, Bognor Regis, West Sussex, Inglaterra.<\/p>\n\n\n\n<p>Anderson Silva de Oliveira, Igreja Batista Sarom, Campo Grande\/MS.<\/p>\n\n\n\n<p>\u00c1quila Serra Cabral, pastor da Primeira Igreja Batista de Muria\u00e9\/MG.<\/p>\n\n\n\n<p>David Bledsoe, pastor na Igreja Batista Jardim Bot\u00e2nico, Rio de Janeiro\/RJ.<\/p>\n\n\n\n<p>David Marcos Soares Ferreira, pastor da Igreja Batista Reformada, Campos dos Goytacazes\/RJ.<\/p>\n\n\n\n<p>Deyvid Rodrigues, pastor da Primeira Igreja Batista Parque Aeroporto, Maca\u00e9\/RJ.<\/p>\n\n\n\n<p>Diego Franciso Santos, pastor da Primeira Igreja Batista em Canela, Canela\/RS.<\/p>\n\n\n\n<p>Edson Matias Dos Santos Junior, pastor da Primeira Igreja Batista da Serra, Belo Horizonte\/MG.<\/p>\n\n\n\n<p>Evandro Carvalho dos Santos Junior, Terceira Igreja Baptista do Porto, Portugal.<\/p>\n\n\n\n<p>Fabiano Prado Lima, membro da Immanuel Baptist Church, Sacramento, CA, Estados Unidos.<\/p>\n\n\n\n<p>F\u00e1bio Leal, pastor da Igreja Reformada Missional Cidade Cinco, S\u00e3o Paulo\/SP.<\/p>\n\n\n\n<p>F\u00e1bio Roberto Rodrigues, presb\u00edtero\/pastor da Primeira Igreja Batista de Monte Mor\/SP.<\/p>\n\n\n\n<p>Filipe Ribeiro, pastor da Igreja Batista Betel, Mesquita\/RJ.<\/p>\n\n\n\n<p>Francisco Leonardo Schalkwijk, pastor-em\u00e9rito da Igreja Evang\u00e9lica Reformada e da Igreja Presbiteriana do Brasil. Itajub\u00e1\/MG<\/p>\n\n\n\n<p>Gilson Santos, pastor da Igreja Batista da Gra\u00e7a, S\u00e3o Jos\u00e9 dos Campos\/SP.<\/p>\n\n\n\n<p>Heber Gon\u00e7alves Cunha, pastor da Segunda Igreja Batista em Cambuci\/RJ.<\/p>\n\n\n\n<p>Helenon Augusto Carvalho Campos, pastor da Igreja Batista Ch\u00e1cara Antonieta em Limeira, S\u00e3o Paulo<\/p>\n\n\n\n<p>Jean Carlos Sardinha da Silva, pastor da Segunda Igreja Batista Reformada, Campos dos Goytacazes\/RJ.<\/p>\n\n\n\n<p>Jo\u00e3o Paulo Brasileiro, pastor da Primeira Igreja Batista Reformada em Paulista, PE<\/p>\n\n\n\n<p>Joel Bueche Lopes, pastor da Igreja Ac\u00e7\u00e3o B\u00edblica de Faro, Portugal<\/p>\n\n\n\n<p>J\u00f4natas Ornelas Duarte, pastor da Congrega\u00e7\u00e3o Batista Reformada, Aperib\u00e9\/RJ.<\/p>\n\n\n\n<p>Jonathan Andrade Luz, pastor da Igreja Batista Filad\u00e9lfia, Fortaleza\/CE.<\/p>\n\n\n\n<p>Jonathas de Lima, pastor da Igreja Batista da Fam\u00edlia, Barreiras\/BA.<\/p>\n\n\n\n<p>Jorge Luiz Gomes da Silva, pastor na Igreja Batista em Vilas Boas, Campo Grande\/MS.<\/p>\n\n\n\n<p>Judiclay Santos, pastor titular da Igreja Batista do Jardim Bot\u00e2nico, Rio de Janeiro\/RJ. Fundador e Diretor da Pro Nobis Editora.<\/p>\n\n\n\n<p>Leandro B. Peixoto, pastor da Segunda Igreja Batista em Goi\u00e2nia.<\/p>\n\n\n\n<p>Luis Henrique de Paula, pastor da Igreja Batista Sarom, Campo Grande\/MS.<\/p>\n\n\n\n<p>Luiz Correia do Nascimento J\u00fanior, pastor da Igreja Batista Filad\u00e9lfia, Fortaleza\/CE.<\/p>\n\n\n\n<p>Madson Gon\u00e7alves da Silva, pastor da Igreja Batista em Paul, Vila Velha\/ES.<\/p>\n\n\n\n<p>Nelson \u00c1vila Mesquita Neto, pastor da Igreja Batista de Itaitinga, Itaitinga\/CE.<\/p>\n\n\n\n<p>Norival Ferreira de Andrade, pastor\/presb\u00edtero da Primeira Igreja Batista de Monte Mor\/SP.<\/p>\n\n\n\n<p>Paulo Roberto dos Santos, pastor da Primeira Igreja Batista de Monte Mor.<\/p>\n\n\n\n<p>Rafael Fcachenco Filho, pastor da Igreja Batista Betel, Gasparini, Bauru\/SP.<\/p>\n\n\n\n<p>Ricardo Luiz Fiorotto, pastor da Igreja Batista do Redentor, Jundia\u00ed\/SP.<\/p>\n\n\n\n<p>Rubner Rodrigues Durais, pastor na Igreja Batista da Gra\u00e7a, S\u00e3o Jos\u00e9 dos Campos\/SP.<\/p>\n\n\n\n<p>Thiago Guerra, Pastor da Igreja da Trindade, S\u00e3o Jos\u00e9 dos Campos\/SP.<\/p>\n\n\n\n<p>Werveton Mury Campos, pastor da Igreja Batista em \u00c1gua Fria, S\u00e3o Fid\u00e9lis\/RJ.<\/p>\n\n\n\n<p>Willian Vitor Orlandi, pastor da Igreja Batista Reformada em Indaiatuba\/SP.<\/p>\n\n\n\n<p>Guilherme Reggiani, pastor da Igreja Batista Reformada de S\u00e3o Bernardo do Campo\/SP.<\/p>\n\n\n\n<p>Willy Robert Henriques, pastor da Igreja Batista Reden\u00e7\u00e3o, Juiz de Fora\/MG.<\/p>\n","protected":false},"excerpt":{"rendered":"<p>Pastores que integram o grupo Coaliz\u00e3o Pelo Evangelho fizeram um manifesto condenando os ataques do Hamas a Israel. Os terroristas isl\u00e2micos&nbsp;atacaram o pa\u00eds&nbsp;judaico no \u00faltimo dia 7, iniciando uma nova guerra no Oriente M\u00e9dio, com centenas de inocentes mortos em poucas horas. \u201cO grupo terrorista Hamas oprime cidad\u00e3os palestinos que n\u00e3o se submetem \u00e0s suas [&hellip;]<\/p>\n","protected":false},"author":2,"featured_media":17446,"comment_status":"open","ping_status":"open","sticky":false,"template":"","format":"standard","meta":[],"categories":[11,12,5],"tags":[],"_links":{"self":[{"href":"https:\/\/dgospel.com.br\/portal\/index.php\/wp-json\/wp\/v2\/posts\/17445"}],"collection":[{"href":"https:\/\/dgospel.com.br\/portal\/index.php\/wp-json\/wp\/v2\/posts"}],"about":[{"href":"https:\/\/dgospel.com.br\/portal\/index.php\/wp-json\/wp\/v2\/types\/post"}],"author":[{"embeddable":true,"href":"https:\/\/dgospel.com.br\/portal\/index.php\/wp-json\/wp\/v2\/users\/2"}],"replies":[{"embeddable":true,"href":"https:\/\/dgospel.com.br\/portal\/index.php\/wp-json\/wp\/v2\/comments?post=17445"}],"version-history":[{"count":1,"href":"https:\/\/dgospel.com.br\/portal\/index.php\/wp-json\/wp\/v2\/posts\/17445\/revisions"}],"predecessor-version":[{"id":17447,"href":"https:\/\/dgospel.com.br\/portal\/index.php\/wp-json\/wp\/v2\/posts\/17445\/revisions\/17447"}],"wp:featuredmedia":[{"embeddable":true,"href":"https:\/\/dgospel.com.br\/portal\/index.php\/wp-json\/wp\/v2\/media\/17446"}],"wp:attachment":[{"href":"https:\/\/dgospel.com.br\/portal\/index.php\/wp-json\/wp\/v2\/media?parent=17445"}],"wp:term":[{"taxonomy":"category","embeddable":true,"href":"https:\/\/dgospel.com.br\/portal\/index.php\/wp-json\/wp\/v2\/categories?post=17445"},{"taxonomy":"post_tag","embeddable":true,"href":"https:\/\/dgospel.com.br\/portal\/index.php\/wp-json\/wp\/v2\/tags?post=17445"}],"curies":[{"name":"wp","href":"https:\/\/api.w.org\/{rel}","templated":true}]}}