{"id":17451,"date":"2023-10-13T15:52:23","date_gmt":"2023-10-13T18:52:23","guid":{"rendered":"http:\/\/dgospel.com.br\/portal\/?p=17451"},"modified":"2023-10-13T15:52:24","modified_gmt":"2023-10-13T18:52:24","slug":"vice-governador-laurez-moreira-participa-da-solenidade-de-formatura-da-16-turma-da-forca-tatica-e-ressalta-importancia-da-capacitacao-da-policia-militar","status":"publish","type":"post","link":"https:\/\/dgospel.com.br\/portal\/index.php\/2023\/10\/13\/vice-governador-laurez-moreira-participa-da-solenidade-de-formatura-da-16-turma-da-forca-tatica-e-ressalta-importancia-da-capacitacao-da-policia-militar\/","title":{"rendered":"Vice-governador Laurez Moreira participa da solenidade de formatura da 16\u00b0 turma da For\u00e7a T\u00e1tica e ressalta import\u00e2ncia da capacita\u00e7\u00e3o da Pol\u00edcia Militar"},"content":{"rendered":"\n<p>O vice-governador do Tocantins, Laurez Moreira, prestigiou a solenidade de formatura da 16\u00aa Turma da For\u00e7a T\u00e1tica da Pol\u00edcia Militar do Estado (PMTO), na qual 43 policiais militares receberam os certificados de conclus\u00e3o do curso. A \u00a0solenidade foi realizada na noite dessa quarta-feira, 11, na sede do 4\u00ba Batalh\u00e3o da PMTO, Batalh\u00e3o Java\u00e9s, em Gurupi.<br><br>\u201c\u00c9 com muita alegria que participo deste momento importante para a nossa pol\u00edcia e para a nossa sociedade. Preparar a pol\u00edcia \u00e9 um dever do estado, e o nosso governador Wanderlei Barbosa tem feito isso, procurando ter uma tropa cada vez mais preparada e presente em todo o Tocantins\u201d, ressaltou o vice-governador Laurez Moreira.<br><br>O Vice-governador ainda destacou o respeito que a Pol\u00edcia Militar do Tocantins tem e refor\u00e7ou o apoio do Governo do Tocantins \u00e0 For\u00e7a Militar. \u201cN\u00f3s temos muito orgulho do trabalho da nossa pol\u00edcia militar, pelo car\u00e1ter, pela responsabilidade e respeito. A PM \u00e9 vital, quando se fala na forma\u00e7\u00e3o de Estado. Sabemos da import\u00e2ncia de cada um dos policiais para a constru\u00e7\u00e3o de um estado forte e seguro\u201d, concluiu. \u00a0<br><br>O comandante da Pol\u00edcia Militar do Estado, Coronel M\u00e1rcio Barbosa, ressaltou a estrat\u00e9gia adotada na gest\u00e3o para a melhoria da seguran\u00e7a da comunidade. \u201cA for\u00e7a t\u00e1tica tem uma expertise muito grande nessa \u00e1rea de patrulhamento t\u00e1tico, n\u00f3s procuramos fortalecer e conseguimos com ela diminuir os \u00edndices de criminalidade e assim n\u00f3s temos feito, fortalecer a qualifica\u00e7\u00e3o do efetivo de log\u00edstica da pol\u00edcia militar para que a gente possa sempre oferecer um servi\u00e7o de excel\u00eancia para a sociedade. Sou muito satisfeito e grato pelo apoio que tenho recebido do Governo do Tocantins\u201d, afirmou. \u00a0<br><br>O Comandante do 4\u00ba Batalh\u00e3o da PMTO, em Gurupi, Tenente Coronel QOPM Wesley Dias Costa foi o supervisor do curso. \u201cO Batalh\u00e3o Java\u00e9s, escola de honra e tradi\u00e7\u00e3o, sempre teve como tradi\u00e7\u00e3o a forma\u00e7\u00e3o e qualifica\u00e7\u00e3o profissional. Ent\u00e3o essa \u00e9 mais uma, que foi organizada pelo nosso comandante-geral. Os 43 novos taticanos est\u00e3o capacitados para realizarem o policiamento ostensivo de maior complexidade e atuarem em ocorr\u00eancias que fujam ao cotidiano normal da organiza\u00e7\u00e3o\u201d, declarou. \u00a0<br><br>O formando, 2\u00ba sargento QPPM Daniel Marques da Silva, foi o orador da turma, em seu discurso abordou as estrat\u00e9gias utilizadas para superar os obst\u00e1culos e conclu\u00edrem o curso. \u201cSuperar nossas fraquezas e evidenciar os nossos pontos fortes, eram as nossas estrat\u00e9gias. N\u00e3o sab\u00edamos, mas a coordena\u00e7\u00e3o sabia exatamente o que ela queria em que nos transform\u00e1ssemos. Policiais qualificados para enfrentar quaisquer situa\u00e7\u00f5es que surgissem em campo\u201d, destacou.<br><br>A 16\u00aa turma foi homenageada com o nome do soldado PMPA Mateus Ferreira Oliveira (<em>In memorian<\/em>). O soldado era egresso do col\u00e9gio militar de Aragua\u00edna e tinha o sonho de ser taticano. Ele faleceu no dia 14 de agosto deste ano. A sua m\u00e3e, Geane Ferreira dos Santos, participou da cerim\u00f4nia e recebeu uma homenagem em mem\u00f3ria do filho.<br><br>A solenidade contou com v\u00e1rias homenagens, dentre elas aos veteranos da Pol\u00edcia Militar do Estado, pela dedica\u00e7\u00e3o ao servi\u00e7o policial militar, \u00e0 manuten\u00e7\u00e3o da ordem p\u00fablica e \u00e0 seguran\u00e7a da comunidade; e tamb\u00e9m \u00e0s namoradas e esposas dos militares.<br><br>A cerim\u00f4nia foi finalizada com a apresenta\u00e7\u00e3o de simula\u00e7\u00e3o de interven\u00e7\u00e3o de choque ligeiro usada para controle de dist\u00farbios civis no per\u00edmetro urbano, com o desfile da guarda de honra, apresenta\u00e7\u00e3o da ora\u00e7\u00e3o do taticano e o \u00faltimo fora de forma do curso.<br><br><strong>O curso<\/strong><br>O curso foi iniciado no dia 18 de agosto de 2023 e finalizado no dia 29 de setembro deste ano. Al\u00e9m da supervis\u00e3o do TEN CEL QOPM Wesley Dias Costa, foi coordenado pelo capit\u00e3o QOPM \u00c9dem Ferreira Morgado e foi ministrado por militares do 4\u00ba BPM, 1\u00ba BPM, 6\u00ba BPM, 8\u00ba BPM, 6\u00aa CIPM, BOPE, BPMRED, BPCHOQUE e Bombeiros Militares.<\/p>\n\n\n\n<p><img src=\"https:\/\/central.to.gov.br\/image\/350722?w=670&amp;h=383\"><\/p>\n\n\n\n<p>Vice-governador Laurez Moreira entrega certificado de conclus\u00e3o de curso ao primeiro colocado na forma\u00e7\u00e3o, o soldado QPPM Wellington Clarimundo da Silva Cruvinel, taticano 46 &#8211; Bruno Maia\/Governo do Tocantins\u00a0<\/p>\n\n\n\n<p><img src=\"https:\/\/central.to.gov.br\/image\/350721?w=670&amp;h=383\"><\/p>\n\n\n\n<p>Apresenta\u00e7\u00e3o da tropa ao vice-governador Laurez Moreira &#8211; Bruno Maia\/Governo do Tocantins\u00a0<\/p>\n\n\n\n<p><img src=\"https:\/\/central.to.gov.br\/image\/350723?w=670&amp;h=383\"><\/p>\n\n\n\n<p>Comandante do 4\u00ba Batalh\u00e3o da PMTO, em Gurupi, Tenente Coronel QOPM Wesley Dias Costa, supervisor do curso destacou que os 43 novos taticanos est\u00e3o capacitados para realizarem o policiamento ostensivo &#8211; Bruno Maia\/Governo do Tocantins\u00a0<\/p>\n\n\n\n<p><img src=\"https:\/\/central.to.gov.br\/image\/350724?w=670&amp;h=383\"><\/p>\n\n\n\n<p>Descerramento da placa de conclus\u00e3o da 16\u00aa turma do Curso de For\u00e7a T\u00e1tica da PMTO &#8211; Bruno Maia\/Governo do Tocantins\u00a0<\/p>\n\n\n\n<p><img src=\"https:\/\/central.to.gov.br\/image\/350729?w=670&amp;h=383\"><\/p>\n\n\n\n<p>2\u00ba sargento QPPM Daniel Marques da Silva, orador da turma, falou sobre as estrat\u00e9gias utilizadas para superar os obst\u00e1culos e conclu\u00edrem o curso &#8211; Bruno Maia\/Governo do Tocantins\u00a0<\/p>\n\n\n\n<p><img src=\"https:\/\/central.to.gov.br\/image\/350725?w=670&amp;h=383\"><\/p>\n\n\n\n<p>Comandante da Pol\u00edcia Militar do Estado do Tocantins, Coronel M\u00e1rcio Barbosa ressaltou a estrat\u00e9gia adotada na gest\u00e3o para a melhoria da seguran\u00e7a da comunidade &#8211; Bruno Maia\/Governo do Tocantins<\/p>\n\n\n\n<p><img src=\"https:\/\/central.to.gov.br\/image\/350726?w=670&amp;h=383\"><\/p>\n\n\n\n<p>Assinatura do livro da doutrina da Pol\u00edcia Militar &#8211; Bruno Maia\/Governo do Tocantins\u00a0<\/p>\n\n\n\n<p><img src=\"https:\/\/central.to.gov.br\/image\/350727?w=670&amp;h=383\"><\/p>\n\n\n\n<p>43 policiais militares receberam os certificados de conclus\u00e3o do curso &#8211; Bruno Maia\/Governo do Tocantins\u00a0<\/p>\n","protected":false},"excerpt":{"rendered":"<p>O vice-governador do Tocantins, Laurez Moreira, prestigiou a solenidade de formatura da 16\u00aa Turma da For\u00e7a T\u00e1tica da Pol\u00edcia Militar do Estado (PMTO), na qual 43 policiais militares receberam os certificados de conclus\u00e3o do curso. A \u00a0solenidade foi realizada na noite dessa quarta-feira, 11, na sede do 4\u00ba Batalh\u00e3o da PMTO, Batalh\u00e3o Java\u00e9s, em Gurupi. [&hellip;]<\/p>\n","protected":false},"author":2,"featured_media":17452,"comment_status":"open","ping_status":"open","sticky":false,"template":"","format":"standard","meta":[],"categories":[3],"tags":[],"_links":{"self":[{"href":"https:\/\/dgospel.com.br\/portal\/index.php\/wp-json\/wp\/v2\/posts\/17451"}],"collection":[{"href":"https:\/\/dgospel.com.br\/portal\/index.php\/wp-json\/wp\/v2\/posts"}],"about":[{"href":"https:\/\/dgospel.com.br\/portal\/index.php\/wp-json\/wp\/v2\/types\/post"}],"author":[{"embeddable":true,"href":"https:\/\/dgospel.com.br\/portal\/index.php\/wp-json\/wp\/v2\/users\/2"}],"replies":[{"embeddable":true,"href":"https:\/\/dgospel.com.br\/portal\/index.php\/wp-json\/wp\/v2\/comments?post=17451"}],"version-history":[{"count":1,"href":"https:\/\/dgospel.com.br\/portal\/index.php\/wp-json\/wp\/v2\/posts\/17451\/revisions"}],"predecessor-version":[{"id":17453,"href":"https:\/\/dgospel.com.br\/portal\/index.php\/wp-json\/wp\/v2\/posts\/17451\/revisions\/17453"}],"wp:featuredmedia":[{"embeddable":true,"href":"https:\/\/dgospel.com.br\/portal\/index.php\/wp-json\/wp\/v2\/media\/17452"}],"wp:attachment":[{"href":"https:\/\/dgospel.com.br\/portal\/index.php\/wp-json\/wp\/v2\/media?parent=17451"}],"wp:term":[{"taxonomy":"category","embeddable":true,"href":"https:\/\/dgospel.com.br\/portal\/index.php\/wp-json\/wp\/v2\/categories?post=17451"},{"taxonomy":"post_tag","embeddable":true,"href":"https:\/\/dgospel.com.br\/portal\/index.php\/wp-json\/wp\/v2\/tags?post=17451"}],"curies":[{"name":"wp","href":"https:\/\/api.w.org\/{rel}","templated":true}]}}