{"id":17454,"date":"2023-10-13T15:55:28","date_gmt":"2023-10-13T18:55:28","guid":{"rendered":"http:\/\/dgospel.com.br\/portal\/?p=17454"},"modified":"2023-10-13T15:55:30","modified_gmt":"2023-10-13T18:55:30","slug":"hamas-e-o-espirito-de-amaleque","status":"publish","type":"post","link":"https:\/\/dgospel.com.br\/portal\/index.php\/2023\/10\/13\/hamas-e-o-espirito-de-amaleque\/","title":{"rendered":"Hamas e o Esp\u00edrito de Amaleque"},"content":{"rendered":"\n<p>O ataque covarde dos terroristas do Hamas \u00e0s comunidades do sul de Israel n\u00e3o somente pegou de surpresa todo o pa\u00eds em uma manh\u00e3 de&nbsp;<em>Shabbat<\/em>&nbsp;e feriado nacional de&nbsp;<em>Simchat HaTorah<\/em>&nbsp;\u2014 a Alegria da Tor\u00e1 \u2014 em que se celebra com muitas dan\u00e7as, c\u00e2nticos e j\u00fabilo a Palavra de Deus. Esse ataque revelou ao mundo o que o povo judeu j\u00e1 sabe h\u00e1 muitos anos que \u00e9 a face mais cruel e b\u00e1rbara dessa fac\u00e7\u00e3o terrorista. Um dia que, por mandamento na Tor\u00e1, devia ser de alegria transformou-se em caos, luto e ang\u00fastia em todas as comunidades judaicas do mundo.<\/p>\n\n\n\n<p>Nessa guerra, muito se tem falado sobre a crueldade dos terroristas do Hamas, homens que, desde sua tenra inf\u00e2ncia, s\u00e3o doutrinados a odiar os judeus simplesmente por serem judeus, independentemente de seus atos ou palavras. Pouco, por\u00e9m, se tem falado sobre a origem espiritual desse \u00f3dio, o que leva a um conflito permanente, n\u00e3o somente em nossa gera\u00e7\u00e3o. Esse \u00e9 um fato milenar e que, acreditem, n\u00e3o acabar\u00e1 com essa guerra, ainda que se exterminem todos os terroristas do Hamas.<\/p>\n\n\n\n<p>Indubitavelmente, os v\u00eddeos e as imagens da barb\u00e1rie cometida pelo Hamas, que percorreram os quatro cantos da Terra, geram em qualquer pessoa de boa moral uma revolta incontida. Quem em s\u00e3 consci\u00eancia acharia normal a decapita\u00e7\u00e3o de beb\u00eas e a execu\u00e7\u00e3o de crian\u00e7as de colo, ou o assassinato brutal de pais dentro de seus pr\u00f3prios lares na frente de seus filhos e vice-versa? Sim, isso gera revolta e ira generalizada em qualquer ser humano de bem. Advirto, no entanto, para que n\u00e3o se caia na armadilha do \u00f3dio direcionado a pessoas por mais vis e cru\u00e9is que sejam elas.<\/p>\n\n\n\n<p>Deus ir\u00e1 inevitavelmente julgar cada terrorista do Hamas que ter\u00e1 de pagar por seus atos, ainda que consiga escapar das For\u00e7as de Defesa de Israel ou das autoridades do pa\u00eds. O inimigo quer realmente que nos igualemos a si pelo \u00f3dio e, se conseguir isso, ter\u00e1 atingido seu intento, pois um cora\u00e7\u00e3o dominado pelo \u00f3dio jamais poder\u00e1 ser usado pelo Esp\u00edrito de Deus. Se quisermos compreender esse conflito, precisamos tirar o foco do que \u00e9 carne e sangue, pois, antes de tudo, essa \u00e9 uma guerra espiritual.<\/p>\n\n\n\n<p><strong>\u201cLembra-te do que te fez Amaleque\u201d<\/strong><\/p>\n\n\n\n<p>A primeira batalha na hist\u00f3ria de Israel ocorreu ainda em sua peregrina\u00e7\u00e3o no Sinai a caminho da Terra Prometida, quando Amaleque executou um ataque covarde aos mais fracos do povo. A peleja se deu em Refidim e foi conduzida por Josu\u00e9 que liderou o ex\u00e9rcito israelita. Mois\u00e9s sabia que aquela batalha n\u00e3o poderia ser vencida apenas com espadas e lan\u00e7as e, por isso, subiu ao monte com Ar\u00e3o e Hur para interceder a Deus. Ele compreendeu que n\u00e3o era uma batalha comum, mas espiritual e, sendo assim, teria que ser travada no espiritual, enquanto se desenrolava no plano f\u00edsico. Aquela foi uma batalha vencida no sobrenatural, pois Israel nem mesmo tinha um ex\u00e9rcito preparado para a guerra.<\/p>\n\n\n\n<p>Ap\u00f3s a vit\u00f3ria, a ira de Deus pode ser percebida em suas palavras a Mois\u00e9s: \u201cEscreve isto para mem\u00f3ria num livro (&#8230;) porque riscarei totalmente a mem\u00f3ria de Amaleque de debaixo dos c\u00e9us (&#8230;). O Senhor far\u00e1 guerra contra Amaleque de gera\u00e7\u00e3o em gera\u00e7\u00e3o\u201d (\u00caxodo 17:14-16). Muitos anos depois, antes de entrar na Terra Prometida, Mois\u00e9s faz uma grande recapitula\u00e7\u00e3o das li\u00e7\u00f5es aprendidas durante os quarenta anos no deserto para todo o povo. Nas campinas de Moabe, com o povo ouvindo-o atentamente, ele diz:<\/p>\n\n\n\n<p>\u201cLembra-te do que te fez Amaleque no caminho, quando sa\u00edas do Egito; como te saiu ao encontro no caminho, e feriu na tua retaguarda todos os fracos que iam atr\u00e1s de ti, estando tu cansado e afadigado; e n\u00e3o temeu a Deus. Ser\u00e1, pois, que, quando o Senhor teu Deus te tiver dado repouso de todos os teus inimigos em redor, na terra que o Senhor teu Deus te d\u00e1 por heran\u00e7a, para possu\u00ed-la, ent\u00e3o apagar\u00e1s a mem\u00f3ria de Amaleque de debaixo do c\u00e9u; n\u00e3o te esque\u00e7as.\u201d (Deuteron\u00f4mio 25:17-19)<\/p>\n\n\n\n<p><strong>A guerra permanente contra Amaleque<\/strong><\/p>\n\n\n\n<p>Amaleque era neto de Esa\u00fa, de quem descendem os povos \u00e1rabes. Antes mesmo do isl\u00e3 existir, seus antepassados guerreavam contra Israel. Essa \u00e9 uma guerra entre irm\u00e3os que se iniciou no ventre de Rebeca, quando Esa\u00fa e Jac\u00f3 brigavam entre si. Amaleque \u00e9 uma semente de Esa\u00fa que foi amaldi\u00e7oada por Deus por causa da covardia e crueldade contra seu irm\u00e3o Israel (Jac\u00f3) quando subia do Egito com milhares de mulheres, crian\u00e7as e idosos, um povo n\u00f4made, sem lar fixo onde repousar e fatigado de peregrinar pelo deserto. Os amalequitas atacaram exatamente essa parcela mais fraca e vulner\u00e1vel, o que despertou a ira do Senhor.<\/p>\n\n\n\n<p>A semente amaldi\u00e7oada de Amaleque se levantou de gera\u00e7\u00e3o a gera\u00e7\u00e3o para destruir Israel, conforme profetizado, ap\u00f3s o povo ter se assentado na Terra Prometida. Isso ocorreu no tempo dos Ju\u00edzes, nos reinados de Saul e Davi, e durante o imp\u00e9rio persa na figura repugnante de Ham\u00e3, um dos piores descendentes de Amaleque. Seria invi\u00e1vel expor cada um desses confrontos nessas poucas linhas. Todavia, o \u00f3dio de Amaleque esteve presente n\u00e3o apenas nas p\u00e1ginas da B\u00edblia, mas emergiu ao longo da Hist\u00f3ria. Em todos os cap\u00edtulos dessa guerra, os amalequitas foram neutralizados ou destru\u00eddos e Israel preservado.<\/p>\n\n\n\n<p>Por outro lado, a despeito das vit\u00f3rias e livramentos de Israel, esse \u00f3dio nunca cessou, pois, ainda que morram os amalequitas em uma gera\u00e7\u00e3o, o esp\u00edrito de Amaleque permanece e \u00e9 contra ele que o Senhor promete guerrear. Os maiores inimigos de Israel na atualidade s\u00e3o dominados por esse mesmo esp\u00edrito e descendem da semente natural de Amaleque. Isso explica o \u00f3dio inexplic\u00e1vel do Hamas contra Israel. Isso explica as cenas de horrores que acompanhamos nos vilarejos do sul, pr\u00f3ximo a Gaza, ap\u00f3s a invas\u00e3o dos terroristas.<\/p>\n\n\n\n<p>O que o Hamas fez contra os judeus no&nbsp;<em>Shabbat<\/em>&nbsp;de&nbsp;<em>Simchat HaTorah<\/em>&nbsp;foi exatamente o que seus antepassados fizeram h\u00e1 mil\u00eanios contra o povo indefeso que atravessava o Sinai. Foi o mesmo ataque s\u00f3rdido e covarde ao pegar de surpresa os judeus em suas casas, ainda bem cedo, dormindo numa manh\u00e3 de&nbsp;<em>Shabbat<\/em>. Os terroristas do Hamas s\u00e3o os amalequitas de hoje que feriram e mataram \u201cna tua retaguarda\u201d (sul do pa\u00eds) \u201ctodos os fracos que iam atr\u00e1s de ti\u201d (beb\u00eas indefesos, crian\u00e7as, mulheres e idosos, muitos deles doentes e deficientes f\u00edsicos); que violentaram mulheres e levaram muitos cativos para seu territ\u00f3rio; e que \u201cn\u00e3o temeram a Deus\u201d.<\/p>\n\n\n\n<p>Foi esse mesmo n\u00edvel de crueldade e covardia que suscitou a ira de Deus contra Amaleque no Sinai. Essa \u00e9 uma guerra permanente e espiritual. Enquanto Josu\u00e9 pegava em armas no dom\u00ednio f\u00edsico, Mois\u00e9s combatia com outras armas mais poderosas, em um n\u00edvel mais elevado, no dom\u00ednio espiritual. Enquanto as For\u00e7as de Defesa de Israel combatem seus inimigos no f\u00edsico, como instrumento natural de Deus para derrot\u00e1-los, todos os que amam Israel e o Deus de Israel precisam combater como Mois\u00e9s, pois essa \u00e9 uma guerra espiritual. E \u00e9 contra esse esp\u00edrito maligno que o Senhor prometeu fazer guerra \u201cde gera\u00e7\u00e3o a gera\u00e7\u00e3o\u201d at\u00e9 \u201criscar totalmente a mem\u00f3ria de Amaleque de debaixo dos c\u00e9us\u201d.<\/p>\n\n\n\n<p><strong>Get\u00falio Cidade<\/strong>&nbsp;\u00e9 escritor, tradutor e hebra\u00edsta, autor do livro A Oliveira Natural: As Ra\u00edzes Judaicas do Cristianismo e do blog www.aoliveiranatural.com.br<\/p>\n\n\n\n<p><em>* O conte\u00fado do texto acima \u00e9 de total responsabilidade do autor e n\u00e3o reflete necessariamente a opini\u00e3o do Portal Guiame.<\/em><\/p>\n","protected":false},"excerpt":{"rendered":"<p>O ataque covarde dos terroristas do Hamas \u00e0s comunidades do sul de Israel n\u00e3o somente pegou de surpresa todo o pa\u00eds em uma manh\u00e3 de&nbsp;Shabbat&nbsp;e feriado nacional de&nbsp;Simchat HaTorah&nbsp;\u2014 a Alegria da Tor\u00e1 \u2014 em que se celebra com muitas dan\u00e7as, c\u00e2nticos e j\u00fabilo a Palavra de Deus. Esse ataque revelou ao mundo o que [&hellip;]<\/p>\n","protected":false},"author":2,"featured_media":17455,"comment_status":"open","ping_status":"open","sticky":false,"template":"","format":"standard","meta":[],"categories":[19],"tags":[],"_links":{"self":[{"href":"https:\/\/dgospel.com.br\/portal\/index.php\/wp-json\/wp\/v2\/posts\/17454"}],"collection":[{"href":"https:\/\/dgospel.com.br\/portal\/index.php\/wp-json\/wp\/v2\/posts"}],"about":[{"href":"https:\/\/dgospel.com.br\/portal\/index.php\/wp-json\/wp\/v2\/types\/post"}],"author":[{"embeddable":true,"href":"https:\/\/dgospel.com.br\/portal\/index.php\/wp-json\/wp\/v2\/users\/2"}],"replies":[{"embeddable":true,"href":"https:\/\/dgospel.com.br\/portal\/index.php\/wp-json\/wp\/v2\/comments?post=17454"}],"version-history":[{"count":1,"href":"https:\/\/dgospel.com.br\/portal\/index.php\/wp-json\/wp\/v2\/posts\/17454\/revisions"}],"predecessor-version":[{"id":17456,"href":"https:\/\/dgospel.com.br\/portal\/index.php\/wp-json\/wp\/v2\/posts\/17454\/revisions\/17456"}],"wp:featuredmedia":[{"embeddable":true,"href":"https:\/\/dgospel.com.br\/portal\/index.php\/wp-json\/wp\/v2\/media\/17455"}],"wp:attachment":[{"href":"https:\/\/dgospel.com.br\/portal\/index.php\/wp-json\/wp\/v2\/media?parent=17454"}],"wp:term":[{"taxonomy":"category","embeddable":true,"href":"https:\/\/dgospel.com.br\/portal\/index.php\/wp-json\/wp\/v2\/categories?post=17454"},{"taxonomy":"post_tag","embeddable":true,"href":"https:\/\/dgospel.com.br\/portal\/index.php\/wp-json\/wp\/v2\/tags?post=17454"}],"curies":[{"name":"wp","href":"https:\/\/api.w.org\/{rel}","templated":true}]}}