{"id":1746,"date":"2018-11-01T13:43:43","date_gmt":"2018-11-01T15:43:43","guid":{"rendered":"http:\/\/dgospel.com.br\/portal\/?p=1746"},"modified":"2018-11-01T13:44:15","modified_gmt":"2018-11-01T15:44:15","slug":"bolsonaro-confirma-que-brasil-transferira-embaixada-de-tel-aviv-para-jerusalem","status":"publish","type":"post","link":"https:\/\/dgospel.com.br\/portal\/index.php\/2018\/11\/01\/bolsonaro-confirma-que-brasil-transferira-embaixada-de-tel-aviv-para-jerusalem\/","title":{"rendered":"Bolsonaro confirma que Brasil transferir\u00e1 embaixada de Tel Aviv para Jerusal\u00e9m"},"content":{"rendered":"<p>O rec\u00e9m-eleito presidente do Brasil,\u00a0<a href=\"http:\/\/g1.globo.com\/politica\/politico\/jair-bolsonaro.html\"><strong>Jair Bolsonaro<\/strong><\/a>, confirmou ao jornal &#8220;Israel Hayom&#8221; que transferir\u00e1 a embaixada de Tel Aviv para Jerusal\u00e9m. Ele tamb\u00e9m adotou uma postura dura com a Palestina, dizendo que n\u00e3o a reconhece como um pa\u00eds.<\/p>\n<p>Bolsonaro afirmou que sua ideia de mudar o endere\u00e7o da embaixada brasileira em Israel- seguindo os passos dos\u00a0<a href=\"https:\/\/g1.globo.com\/mundo\/noticia\/trumpreconhece-jerusalem-como-capital-de-israel.ghtml\"><strong>Estados Unidos<\/strong><\/a>\u00a0e da Guatemala &#8211; n\u00e3o era s\u00f3\u00a0<a href=\"https:\/\/g1.globo.com\/politica\/eleicoes\/2018\/noticia\/2018\/10\/23\/saiba-mais-sobre-as-propostas-de-jair-bolsonaro-e-fernando-haddad-para-a-politica-externa.ghtml\"><strong>promessa de campanha<\/strong><\/a>.<\/p>\n<p><strong>&#8220;Israel \u00e9 um Estado soberano. Se os senhores decidirem qual \u00e9 a sua capital, n\u00f3s os seguiremos. Quando me perguntaram durante a campanha se transferiria a embaixada se fosse eleito presidente, respondi sim. Voc\u00eas decidem sobre a capital de Israel, n\u00e3o outros povos&#8221;, declarou em entrevista telef\u00f4nica concedida ao jornal conservador.<\/strong><\/p>\n<p>A transfer\u00eancia da embaixada, que demonstra o reconhecimento de Jerusal\u00e9m como capital de Israel, \u00e9 uma medida pol\u00eamica. Os palestinos reivindicam Jerusal\u00e9m Oriental como capital de seu futuro Estado. A comunidade internacional n\u00e3o reconhece a reivindica\u00e7\u00e3o israelense de Jerusal\u00e9m como sua capital indivis\u00edvel.\u00a0<a href=\"https:\/\/g1.globo.com\/mundo\/noticia\/entenda-por-que-o-reconhecimento-de-jerusalem-como-capital-de-israel-pelos-eua-e-tao-polemico.ghtml\"><strong>Entenda.<\/strong><\/a><\/p>\n<p><strong>Embaixada palestina<\/strong><\/p>\n<p>Questionado pelo peri\u00f3dico israelense se pretende mudar o status da Embaixada da Palestina em Bras\u00edlia, ele respondeu:<\/p>\n<p><strong>&#8220;Quanto \u00e0 embaixada da Palestina, ela foi constru\u00edda muito perto do pal\u00e1cio presidencial. Nenhuma embaixada pode estar t\u00e3o perto do pal\u00e1cio presidencial, ent\u00e3o pretendemos mudar. N\u00e3o h\u00e1 outro caminho, na minha opini\u00e3o. Fora isso, Palestina primeiro precisa ser um estado para ter o direito de uma embaixada\u201d.<\/strong><\/p>\n<p>N\u00e3o foi a primeira vez que Bolsonaro adotou um tom duro com os palestinos. Ainda durante a campanha, ele\u00a0<a href=\"https:\/\/oglobo.globo.com\/brasil\/bolsonaro-defende-educacao-distancia-desde-ensino-fundamental-22957843\"><strong>declarou ao jornal &#8220;O Globo&#8221;<\/strong><\/a>: &#8220;Essa embaixada palestina sairia dali. A Palestina \u00e9 pa\u00eds? Nada contra o povo palestino. Quando estive em Israel, conversei com muitos palestinos, porque trabalham, ganham quatro vezes mais do lado de c\u00e1. Palestina n\u00e3o \u00e9 um pa\u00eds&#8221;.<\/p>\n<p>O\u00a0<a href=\"http:\/\/g1.globo.com\/mundo\/noticia\/2010\/12\/brasil-reconhece-estado-palestino-com-fronteiras-de-1967.html\"><strong>Brasil reconhece o Estado Palestino como pa\u00eds desde dezembro de 2010<\/strong><\/a>, ap\u00f3s carta enviada pelo ent\u00e3o presidente Luiz In\u00e1cio Lula da Silva para o presidente da Autoridade Nacional Palestina, Mahmoud Abbas.<\/p>\n<p>A\u00a0<a href=\"http:\/\/g1.globo.com\/mundo\/noticia\/2012\/11\/assembleia-geral-da-onu-da-status-de-estado-observador-palestinos.html\"><strong>ONU tamb\u00e9m reconheceu a Palestina como um &#8220;Estado observador&#8221;<\/strong><\/a>\u00a0ap\u00f3s aprova\u00e7\u00e3o em Assembleia Geral em 2012, cuja capital seria em Jerusal\u00e9m Oriental. Os palestinos querem se estabelecer como um Estado soberano que ocupe a Cisjord\u00e2nia, a Faixa de Gaza e Jerusal\u00e9m Oriental. Os territ\u00f3rios foram ocupados por Israel ap\u00f3s a Guerra dos Seis Dias, em 1967.<\/p>\n<p><strong>Apoio na ONU<\/strong><\/p>\n<p>No que diz respeito ao apoio de seu futuro governo a Israel em f\u00f3runs internacionais como as Na\u00e7\u00f5es Unidas, o pol\u00edtico brasileiro afirmou que o pa\u00eds &#8220;pode contar com o nosso voto na ONU\u201d.<\/p>\n<p>\u201cSei que o voto \u00e9 muitas vezes simb\u00f3lico, mas ajuda a definir a postura que um pa\u00eds deseja adotar&#8221;, afirmou.<\/p>\n<p>Ap\u00f3s a recente vit\u00f3ria eleitoral, o premi\u00ea israelense, Benjamin Netanyahu, felicitou Bolsonaro por telefone na segunda-feira (29) e o convidou a visitar Israel.<\/p>\n<p>&#8220;Acredito que sua elei\u00e7\u00e3o levar\u00e1 a uma grande amizade entre os dois povos e ao fortalecimento dos la\u00e7os entre o Brasil e Israel&#8221;, disse o premi\u00ea israelense a Bolsonaro, segundo a Efe.<\/p>\n<p>Fonte:\u00a0G1<\/p>\n","protected":false},"excerpt":{"rendered":"<p>O rec\u00e9m-eleito presidente do Brasil,\u00a0Jair Bolsonaro, confirmou ao jornal &#8220;Israel Hayom&#8221; que transferir\u00e1 a embaixada de Tel Aviv para Jerusal\u00e9m. Ele tamb\u00e9m adotou uma postura dura com a Palestina, dizendo que n\u00e3o a reconhece como um pa\u00eds. Bolsonaro afirmou que sua ideia de mudar o endere\u00e7o da embaixada brasileira em Israel- seguindo os passos dos\u00a0Estados [&hellip;]<\/p>\n","protected":false},"author":2,"featured_media":1747,"comment_status":"open","ping_status":"open","sticky":false,"template":"","format":"standard","meta":[],"categories":[2,5],"tags":[],"_links":{"self":[{"href":"https:\/\/dgospel.com.br\/portal\/index.php\/wp-json\/wp\/v2\/posts\/1746"}],"collection":[{"href":"https:\/\/dgospel.com.br\/portal\/index.php\/wp-json\/wp\/v2\/posts"}],"about":[{"href":"https:\/\/dgospel.com.br\/portal\/index.php\/wp-json\/wp\/v2\/types\/post"}],"author":[{"embeddable":true,"href":"https:\/\/dgospel.com.br\/portal\/index.php\/wp-json\/wp\/v2\/users\/2"}],"replies":[{"embeddable":true,"href":"https:\/\/dgospel.com.br\/portal\/index.php\/wp-json\/wp\/v2\/comments?post=1746"}],"version-history":[{"count":2,"href":"https:\/\/dgospel.com.br\/portal\/index.php\/wp-json\/wp\/v2\/posts\/1746\/revisions"}],"predecessor-version":[{"id":1749,"href":"https:\/\/dgospel.com.br\/portal\/index.php\/wp-json\/wp\/v2\/posts\/1746\/revisions\/1749"}],"wp:featuredmedia":[{"embeddable":true,"href":"https:\/\/dgospel.com.br\/portal\/index.php\/wp-json\/wp\/v2\/media\/1747"}],"wp:attachment":[{"href":"https:\/\/dgospel.com.br\/portal\/index.php\/wp-json\/wp\/v2\/media?parent=1746"}],"wp:term":[{"taxonomy":"category","embeddable":true,"href":"https:\/\/dgospel.com.br\/portal\/index.php\/wp-json\/wp\/v2\/categories?post=1746"},{"taxonomy":"post_tag","embeddable":true,"href":"https:\/\/dgospel.com.br\/portal\/index.php\/wp-json\/wp\/v2\/tags?post=1746"}],"curies":[{"name":"wp","href":"https:\/\/api.w.org\/{rel}","templated":true}]}}