{"id":17466,"date":"2023-10-16T15:48:54","date_gmt":"2023-10-16T18:48:54","guid":{"rendered":"http:\/\/dgospel.com.br\/portal\/?p=17466"},"modified":"2023-10-16T15:48:55","modified_gmt":"2023-10-16T18:48:55","slug":"congresso-mundial-das-assembleias-de-deus-reune-milhares-de-lideres-em-madrid","status":"publish","type":"post","link":"https:\/\/dgospel.com.br\/portal\/index.php\/2023\/10\/16\/congresso-mundial-das-assembleias-de-deus-reune-milhares-de-lideres-em-madrid\/","title":{"rendered":"Congresso Mundial das Assembleias de Deus re\u00fane milhares de l\u00edderes em Madrid"},"content":{"rendered":"\n<p>Com base no tema:&nbsp;<em>\u201cBrilhar: Chamados \u00e0 Influ\u00eancia\u201d<\/em>, as Assembleias de Deus realizaram seu 9\u00ba Congresso Mundial em Madrid, capital da Espanha, nos dias 12 a 14 de outubro.<\/p>\n\n\n\n<p>O destaque do evento foi o lan\u00e7amento da vis\u00e3o&nbsp;<em>\u201cMM33\u201d<\/em>, uma grande mobiliza\u00e7\u00e3o evangel\u00edstica em todo o mundo at\u00e9 o ano de 2033, quando a igreja celebrar\u00e1 2.000 anos do derramamento do Esp\u00edrito no Dia de Pentecostes (Atos 2). O Congresso contou com cerca de 3.500 participantes inscritos de 110 pa\u00edses.<\/p>\n\n\n\n<p>O encontro, que contou com mais de 300 volunt\u00e1rios na organiza\u00e7\u00e3o, foi realizado inteiramente na l\u00edngua espanhola; no entanto, foi disponibilizada uma plataforma ao vivo com tradu\u00e7\u00e3o para outras l\u00ednguas. O evento incluiu 12 Workshops, 7 plen\u00e1rias, 4 pain\u00e9is e 6 cultos durante os tr\u00eas dias. Algumas das mensagens ministradas foram transmitidas ao vivo no Youtube no canal oficial do evento.<\/p>\n\n\n\n<p>Outros assuntos tamb\u00e9m foram abordados para ilustrar o tema central, como&nbsp;<em>\u201cAvivamento Ontem e Hoje\u201d<\/em>,&nbsp;<em>\u201cFormas de impactar o mundo\u201d<\/em>,&nbsp;<em>\u201cDesafios Globais\u201d<\/em>,&nbsp;<em>\u201cPlanta\u00e7\u00e3o de Igrejas\u201d<\/em>&nbsp;e&nbsp;<em>\u201cMiss\u00e3o\u201d<\/em>.<\/p>\n\n\n\n<p>O conclave contou com a presen\u00e7a do pastor Jos\u00e9 Wellington Bezerra da Costa, presidente de honra da Conven\u00e7\u00e3o Geral dos Ministros das Igrejas Evang\u00e9licas Assembleia de Deus no Brasil (CGADB), que foi um dos preletores do evento. Na oportunidade, ele foi homenageado pelos organizadores pelos seus 89 anos, completados no dia 14 de outubro.<\/p>\n","protected":false},"excerpt":{"rendered":"<p>Com base no tema:&nbsp;\u201cBrilhar: Chamados \u00e0 Influ\u00eancia\u201d, as Assembleias de Deus realizaram seu 9\u00ba Congresso Mundial em Madrid, capital da Espanha, nos dias 12 a 14 de outubro. O destaque do evento foi o lan\u00e7amento da vis\u00e3o&nbsp;\u201cMM33\u201d, uma grande mobiliza\u00e7\u00e3o evangel\u00edstica em todo o mundo at\u00e9 o ano de 2033, quando a igreja celebrar\u00e1 2.000 [&hellip;]<\/p>\n","protected":false},"author":2,"featured_media":17467,"comment_status":"open","ping_status":"open","sticky":false,"template":"","format":"standard","meta":[],"categories":[5],"tags":[13],"_links":{"self":[{"href":"https:\/\/dgospel.com.br\/portal\/index.php\/wp-json\/wp\/v2\/posts\/17466"}],"collection":[{"href":"https:\/\/dgospel.com.br\/portal\/index.php\/wp-json\/wp\/v2\/posts"}],"about":[{"href":"https:\/\/dgospel.com.br\/portal\/index.php\/wp-json\/wp\/v2\/types\/post"}],"author":[{"embeddable":true,"href":"https:\/\/dgospel.com.br\/portal\/index.php\/wp-json\/wp\/v2\/users\/2"}],"replies":[{"embeddable":true,"href":"https:\/\/dgospel.com.br\/portal\/index.php\/wp-json\/wp\/v2\/comments?post=17466"}],"version-history":[{"count":1,"href":"https:\/\/dgospel.com.br\/portal\/index.php\/wp-json\/wp\/v2\/posts\/17466\/revisions"}],"predecessor-version":[{"id":17468,"href":"https:\/\/dgospel.com.br\/portal\/index.php\/wp-json\/wp\/v2\/posts\/17466\/revisions\/17468"}],"wp:featuredmedia":[{"embeddable":true,"href":"https:\/\/dgospel.com.br\/portal\/index.php\/wp-json\/wp\/v2\/media\/17467"}],"wp:attachment":[{"href":"https:\/\/dgospel.com.br\/portal\/index.php\/wp-json\/wp\/v2\/media?parent=17466"}],"wp:term":[{"taxonomy":"category","embeddable":true,"href":"https:\/\/dgospel.com.br\/portal\/index.php\/wp-json\/wp\/v2\/categories?post=17466"},{"taxonomy":"post_tag","embeddable":true,"href":"https:\/\/dgospel.com.br\/portal\/index.php\/wp-json\/wp\/v2\/tags?post=17466"}],"curies":[{"name":"wp","href":"https:\/\/api.w.org\/{rel}","templated":true}]}}