{"id":17469,"date":"2023-10-17T16:56:58","date_gmt":"2023-10-17T19:56:58","guid":{"rendered":"http:\/\/dgospel.com.br\/portal\/?p=17469"},"modified":"2023-10-17T16:56:59","modified_gmt":"2023-10-17T19:56:59","slug":"resolucao-do-pt-acusa-israel-de-genocidio-e-crimes-de-guerra","status":"publish","type":"post","link":"https:\/\/dgospel.com.br\/portal\/index.php\/2023\/10\/17\/resolucao-do-pt-acusa-israel-de-genocidio-e-crimes-de-guerra\/","title":{"rendered":"Resolu\u00e7\u00e3o do PT acusa Israel de \u201cgenoc\u00eddio\u201d e \u201ccrimes de guerra\u201d"},"content":{"rendered":"\n<p>O Partido dos Trabalhadores (PT), que tanto resistiu em classificar como terrorista a organiza\u00e7\u00e3o isl\u00e2mica em territ\u00f3rios palestinos, o Hamas, aprovou, nesta segunda-feira (16), uma resolu\u00e7\u00e3o sobre a guerra empreendida pelo terrorismo ao Estado de Israel.<\/p>\n\n\n\n<p>A legenda do presidente Lula emitiu um comunicado oficial no qual critica timidamente os ataques do Hamas e os classifica apenas como \u201cinaceit\u00e1veis\u201d, mas condena com veem\u00eancia o governo israelense pelo que chamou de \u201cgenoc\u00eddio contra a popula\u00e7\u00e3o de Gaza, por meio de um conjunto de crimes de guerra\u201d.<\/p>\n\n\n\n<p><strong>LEIA A \u00cdNTEGRA DA RESOLU\u00c7\u00c3O PETISTA:<br><\/strong><em><strong>Resolu\u00e7\u00e3o sobre a situa\u00e7\u00e3o na Palestina e Israel<\/strong><\/em><\/p>\n\n\n\n<p><em>O Diret\u00f3rio Nacional do Partido dos Trabalhadores, reunido no dia 16 de outubro de 2023, aprovou a seguinte resolu\u00e7\u00e3o sobre a situa\u00e7\u00e3o na Palestina e Israel:<\/em><\/p>\n\n\n\n<p><em>O PT apoia, desde os anos 1980, a luta do povo palestino por sua soberania nacional, bem como a Resolu\u00e7\u00e3o da ONU pela constitui\u00e7\u00e3o de dois Estados Nacionais, o Estado da Palestina e o Estado de Israel, garantindo o direito \u00e0 autodetermina\u00e7\u00e3o, soberania, autonomia e condi\u00e7\u00f5es de desenvolvimento, com economia vi\u00e1vel para a Palestina, buscando a conviv\u00eancia pac\u00edfica entre os dois povos;<\/em><\/p>\n\n\n\n<p><em>O PT historicamente mant\u00e9m rela\u00e7\u00f5es partid\u00e1rias unicamente com a Organiza\u00e7\u00e3o para a Liberta\u00e7\u00e3o da Palestina (OLP), assim como com a Autoridade Nacional Palestina sediada em Ramallah;<\/em><\/p>\n\n\n\n<p><em>O PT condena, desde sua funda\u00e7\u00e3o, todo e qualquer ato de viol\u00eancia contra civis, venham de onde vierem. Por isso, condenamos os ataques inaceit\u00e1veis, assassinatos e sequestro de civis, cometidos tanto pelo Hamas quanto pelo Estado de Israel, que realiza, neste exato momento, um genoc\u00eddio contra a popula\u00e7\u00e3o de Gaza, por meio de um conjunto de crimes de guerra;<\/em><\/p>\n\n\n\n<p><em>O PT parabeniza os esfor\u00e7os empreendidos pelo Governo brasileiro, sob a condu\u00e7\u00e3o do Presidente Lula, voltados \u00e0 repatria\u00e7\u00e3o r\u00e1pida de brasileiros na regi\u00e3o do conflito e pelo acesso \u00e0 ajuda humanit\u00e1ria na regi\u00e3o da Faixa de Gaza, com a retirada dos bloqueios impostos por Israel que impactam diretamente a popula\u00e7\u00e3o civil, al\u00e9m do pronto restabelecimento do fornecimento de \u00e1gua, energia el\u00e9trica, alimentos, medicamentos e combust\u00edveis na regi\u00e3o, bem como a defesa da imediata liberta\u00e7\u00e3o dos ref\u00e9ns civis israelenses.<\/em><\/p>\n\n\n\n<p><em>O PT manifesta apoio \u00e0 atua\u00e7\u00e3o do Brasil, inclusive no Conselho de Seguran\u00e7a da ONU, em linha com a tradi\u00e7\u00e3o diplom\u00e1tica brasileira, em prol de um cessar-fogo imediato e pelo cumprimento das resolu\u00e7\u00f5es da ONU, especialmente as que garantem a exist\u00eancia do Estado da Palestina e uma rela\u00e7\u00e3o pac\u00edfica com Israel;<\/em><\/p>\n\n\n\n<p><em>O PT alerta contra os riscos de uma escalada do conflito. O mundo n\u00e3o precisa de mais guerras. O mundo precisa de paz;<\/em><\/p>\n\n\n\n<p><em>O PT convoca sua milit\u00e2ncia a participar das atividades em defesa da paz, em defesa da solu\u00e7\u00e3o dos dois Estados (Palestina e Israel) e em defesa dos direitos do povo palestino a uma vida pac\u00edfica e com soberania nacional.<\/em><\/p>\n\n\n\n<p><em>Diret\u00f3rio Nacional do Partido dos Trabalhadores<\/em><\/p>\n\n\n\n<p><em>Bras\u00edlia, 16 de outubro de 2023.<\/em><\/p>\n","protected":false},"excerpt":{"rendered":"<p>O Partido dos Trabalhadores (PT), que tanto resistiu em classificar como terrorista a organiza\u00e7\u00e3o isl\u00e2mica em territ\u00f3rios palestinos, o Hamas, aprovou, nesta segunda-feira (16), uma resolu\u00e7\u00e3o sobre a guerra empreendida pelo terrorismo ao Estado de Israel. A legenda do presidente Lula emitiu um comunicado oficial no qual critica timidamente os ataques do Hamas e os [&hellip;]<\/p>\n","protected":false},"author":2,"featured_media":17470,"comment_status":"open","ping_status":"open","sticky":false,"template":"","format":"standard","meta":[],"categories":[4],"tags":[],"_links":{"self":[{"href":"https:\/\/dgospel.com.br\/portal\/index.php\/wp-json\/wp\/v2\/posts\/17469"}],"collection":[{"href":"https:\/\/dgospel.com.br\/portal\/index.php\/wp-json\/wp\/v2\/posts"}],"about":[{"href":"https:\/\/dgospel.com.br\/portal\/index.php\/wp-json\/wp\/v2\/types\/post"}],"author":[{"embeddable":true,"href":"https:\/\/dgospel.com.br\/portal\/index.php\/wp-json\/wp\/v2\/users\/2"}],"replies":[{"embeddable":true,"href":"https:\/\/dgospel.com.br\/portal\/index.php\/wp-json\/wp\/v2\/comments?post=17469"}],"version-history":[{"count":1,"href":"https:\/\/dgospel.com.br\/portal\/index.php\/wp-json\/wp\/v2\/posts\/17469\/revisions"}],"predecessor-version":[{"id":17471,"href":"https:\/\/dgospel.com.br\/portal\/index.php\/wp-json\/wp\/v2\/posts\/17469\/revisions\/17471"}],"wp:featuredmedia":[{"embeddable":true,"href":"https:\/\/dgospel.com.br\/portal\/index.php\/wp-json\/wp\/v2\/media\/17470"}],"wp:attachment":[{"href":"https:\/\/dgospel.com.br\/portal\/index.php\/wp-json\/wp\/v2\/media?parent=17469"}],"wp:term":[{"taxonomy":"category","embeddable":true,"href":"https:\/\/dgospel.com.br\/portal\/index.php\/wp-json\/wp\/v2\/categories?post=17469"},{"taxonomy":"post_tag","embeddable":true,"href":"https:\/\/dgospel.com.br\/portal\/index.php\/wp-json\/wp\/v2\/tags?post=17469"}],"curies":[{"name":"wp","href":"https:\/\/api.w.org\/{rel}","templated":true}]}}