{"id":17472,"date":"2023-10-17T16:59:19","date_gmt":"2023-10-17T19:59:19","guid":{"rendered":"http:\/\/dgospel.com.br\/portal\/?p=17472"},"modified":"2023-10-17T16:59:20","modified_gmt":"2023-10-17T19:59:20","slug":"embaixada-de-israel-critica-nota-do-pt-lamentavel","status":"publish","type":"post","link":"https:\/\/dgospel.com.br\/portal\/index.php\/2023\/10\/17\/embaixada-de-israel-critica-nota-do-pt-lamentavel\/","title":{"rendered":"Embaixada de Israel critica nota do PT: \u201cLament\u00e1vel\u201d"},"content":{"rendered":"\n<p>A Embaixada de Israel no Brasil emitiu sua posi\u00e7\u00e3o sobre a resolu\u00e7\u00e3o do Partido dos Trabalhadores (PT) que acusa o governo israelense de \u201cgenoc\u00eddio\u201d e \u201ccrimes de guerra\u201d.<\/p>\n\n\n\n<p>Nesta segunda-feira (16), o partido emitiu um comunicado oficial no qual critica timidamente os ataques do Hamas e os classifica apenas como \u201cinaceit\u00e1veis\u201d, mas condena com veem\u00eancia o governo israelense pelo que chamou de \u201cgenoc\u00eddio contra a popula\u00e7\u00e3o de Gaza, por meio de um conjunto de crimes de guerra\u201d.<\/p>\n\n\n\n<p>A Embaixada lamentou o posicionamento da legenda do presidente Lula e falou sobre \u201cuma extrema falta de compreens\u00e3o da atual situa\u00e7\u00e3o\u201d.<\/p>\n\n\n\n<p><strong>LEIA NA \u00cdNTEGRA:<\/strong><br><em>Posi\u00e7\u00e3o da Embaixada de Israel ap\u00f3s as declara\u00e7\u00f5es do Partido dos Trabalhadores (PT):<\/em><\/p>\n\n\n\n<p><em>Qualquer pessoa que pense que o assassinato b\u00e1rbaro, a viola\u00e7\u00e3o e a decapita\u00e7\u00e3o de pessoas \u00e9 uma posi\u00e7\u00e3o pol\u00edtica, ou que se trata apenas de uma luta pol\u00edtica leg\u00edtima, possui uma extrema falta de compreens\u00e3o da atual situa\u00e7\u00e3o.<\/em><\/p>\n\n\n\n<p><em>\u00c9 muito lament\u00e1vel que um partido que defende os direitos humanos compare a organiza\u00e7\u00e3o terrorista Hamas, que vai de casa em casa para assassinar fam\u00edlias inteiras, com o que o governo israelense est\u00e1 fazendo para proteger os seus cidad\u00e3os.<\/em><\/p>\n\n\n\n<p><em>Deve ser feita uma forte separa\u00e7\u00e3o entre a organiza\u00e7\u00e3o terrorista Hamas e os palestinos<\/em>.<\/p>\n","protected":false},"excerpt":{"rendered":"<p>A Embaixada de Israel no Brasil emitiu sua posi\u00e7\u00e3o sobre a resolu\u00e7\u00e3o do Partido dos Trabalhadores (PT) que acusa o governo israelense de \u201cgenoc\u00eddio\u201d e \u201ccrimes de guerra\u201d. Nesta segunda-feira (16), o partido emitiu um comunicado oficial no qual critica timidamente os ataques do Hamas e os classifica apenas como \u201cinaceit\u00e1veis\u201d, mas condena com veem\u00eancia [&hellip;]<\/p>\n","protected":false},"author":2,"featured_media":17473,"comment_status":"open","ping_status":"open","sticky":false,"template":"","format":"standard","meta":[],"categories":[4],"tags":[],"_links":{"self":[{"href":"https:\/\/dgospel.com.br\/portal\/index.php\/wp-json\/wp\/v2\/posts\/17472"}],"collection":[{"href":"https:\/\/dgospel.com.br\/portal\/index.php\/wp-json\/wp\/v2\/posts"}],"about":[{"href":"https:\/\/dgospel.com.br\/portal\/index.php\/wp-json\/wp\/v2\/types\/post"}],"author":[{"embeddable":true,"href":"https:\/\/dgospel.com.br\/portal\/index.php\/wp-json\/wp\/v2\/users\/2"}],"replies":[{"embeddable":true,"href":"https:\/\/dgospel.com.br\/portal\/index.php\/wp-json\/wp\/v2\/comments?post=17472"}],"version-history":[{"count":1,"href":"https:\/\/dgospel.com.br\/portal\/index.php\/wp-json\/wp\/v2\/posts\/17472\/revisions"}],"predecessor-version":[{"id":17474,"href":"https:\/\/dgospel.com.br\/portal\/index.php\/wp-json\/wp\/v2\/posts\/17472\/revisions\/17474"}],"wp:featuredmedia":[{"embeddable":true,"href":"https:\/\/dgospel.com.br\/portal\/index.php\/wp-json\/wp\/v2\/media\/17473"}],"wp:attachment":[{"href":"https:\/\/dgospel.com.br\/portal\/index.php\/wp-json\/wp\/v2\/media?parent=17472"}],"wp:term":[{"taxonomy":"category","embeddable":true,"href":"https:\/\/dgospel.com.br\/portal\/index.php\/wp-json\/wp\/v2\/categories?post=17472"},{"taxonomy":"post_tag","embeddable":true,"href":"https:\/\/dgospel.com.br\/portal\/index.php\/wp-json\/wp\/v2\/tags?post=17472"}],"curies":[{"name":"wp","href":"https:\/\/api.w.org\/{rel}","templated":true}]}}