{"id":17496,"date":"2023-10-18T22:30:28","date_gmt":"2023-10-19T01:30:28","guid":{"rendered":"http:\/\/dgospel.com.br\/portal\/?p=17496"},"modified":"2023-10-18T22:30:30","modified_gmt":"2023-10-19T01:30:30","slug":"governo-do-tocantins-participa-de-estrategia-nacional-voltada-para-a-seguranca-na-regiao-amazonica","status":"publish","type":"post","link":"https:\/\/dgospel.com.br\/portal\/index.php\/2023\/10\/18\/governo-do-tocantins-participa-de-estrategia-nacional-voltada-para-a-seguranca-na-regiao-amazonica\/","title":{"rendered":"Governo do Tocantins participa de estrat\u00e9gia nacional voltada para a seguran\u00e7a na regi\u00e3o amaz\u00f4nica"},"content":{"rendered":"\n<p>O Governo do Tocantins participou nessa ter\u00e7a-feira, 17, do primeiro encontro do&nbsp;<em>Plano Amas &#8211; Amaz\u00f4nia: Seguran\u00e7a e Soberania<\/em>, realizado no Minist\u00e9rio da Justi\u00e7a e Seguran\u00e7a P\u00fablica. O Estado foi representado pelo secret\u00e1rio de Estado da Seguran\u00e7a P\u00fablica, Wlademir Costa; pelo comandante-geral da Pol\u00edcia Militar do Tocantins (PMTO), coronel M\u00e1rcio Ant\u00f4nio Barbosa; pelo comandante-geral do Corpo de Bombeiros (CBMTO), coronel Carlos Eduardo de Souza Farias; e pelo delegado-geral da Pol\u00edcia Civil do Tocantins (PCTO), Claudemir Luiz Ferreira.<\/p>\n\n\n\n<p>O&nbsp;<em>Plano Amas<\/em>&nbsp;\u00e9 uma estrat\u00e9gia desenvolvida pelo Governo Federal para combater a criminalidade na regi\u00e3o da Amaz\u00f4nia Legal, levando em considera\u00e7\u00e3o as necessidades espec\u00edficas de seguran\u00e7a dos estados que atuam diretamente na prote\u00e7\u00e3o da Amaz\u00f4nia. Em junho deste ano, foram destinados R$ 2 bilh\u00f5es, provenientes do Fundo Nacional de Seguran\u00e7a P\u00fablica (FNSP) e do Fundo Amaz\u00f4nia, para infraestrutura, opera\u00e7\u00f5es e monitoramento em cada estado, al\u00e9m de a\u00e7\u00f5es conjuntas.<\/p>\n\n\n\n<p>O secret\u00e1rio de Estado da Seguran\u00e7a P\u00fablica do Tocantins, Wlademir Costa Mota, afirmou que o&nbsp;<em>Plano Amas<\/em>&nbsp;fortalecer\u00e1 o combate \u00e0 criminalidade de forma abrangente. &#8220;Elaboramos um programa que fortalecer\u00e1 os eixos de seguran\u00e7a p\u00fablica, englobando crimes ambientais e quest\u00f5es relacionadas a organiza\u00e7\u00f5es criminosas e tr\u00e1fico de drogas. Com novos equipamentos, materiais e integra\u00e7\u00e3o entre as for\u00e7as, seremos capazes de reduzir a criminalidade na Amaz\u00f4nia, um tema debatido mundialmente&#8221;, ressaltou.&nbsp;<\/p>\n\n\n\n<p><strong>Participa\u00e7\u00e3o do Corpo de Bombeiros e da Pol\u00edcia Militar&nbsp;<\/strong><\/p>\n\n\n\n<p>Tanto a Pol\u00edcia Militar quanto o Corpo de Bombeiros participam ativamente do&nbsp;<em>Plano Amas<\/em>. O comandante-geral da PMTO, coronel M\u00e1rcio Ant\u00f4nio Barbosa, destacou que o encontro esclareceu as estrat\u00e9gias para a utiliza\u00e7\u00e3o dos recursos. &#8220;Como for\u00e7a policial militar, acreditamos que essa \u00e9 a abordagem correta para combater crimes dessa natureza. Essa integra\u00e7\u00e3o nos torna um Estado e uma na\u00e7\u00e3o fortes no combate aos crimes que afetam nossa sociedade. Parabenizo o Governo Federal e destaco a vis\u00e3o do governador Wanderlei Barbosa ao determinar a participa\u00e7\u00e3o do Tocantins nessa miss\u00e3o&#8221;, pontuou o coronel M\u00e1rcio Ant\u00f4nio Barbosa.&nbsp;<\/p>\n\n\n\n<p>O comandante-geral do CBMTO, coronel Carlos Eduardo Farias, ressaltou que essa \u00e9 uma oportunidade para fortalecer a atua\u00e7\u00e3o do Corpo de Bombeiros na \u00e1rea da prote\u00e7\u00e3o ambiental, que tamb\u00e9m faz parte da miss\u00e3o da corpora\u00e7\u00e3o. &#8220;Um dos pilares do governador Wanderlei Barbosa \u00e9 o desenvolvimento sustent\u00e1vel e, com o investimento em seguran\u00e7a, voltado especificamente para essa \u00e1rea, o Corpo de Bombeiros tamb\u00e9m ter\u00e1 a oportunidade de contribuir para o crescimento sustent\u00e1vel do Estado&#8221;, afirmou o coronel.<\/p>\n\n\n\n<p><strong>Plano Amas<\/strong><\/p>\n\n\n\n<p>O\u00a0<em>Plano Amas<\/em>\u00a0atua nos seguintes eixos: aparelhamento e moderniza\u00e7\u00e3o; capacita\u00e7\u00e3o e valoriza\u00e7\u00e3o profissional; soberania; Programa Nacional de Seguran\u00e7a P\u00fablica com Cidadania (Pronasci); opera\u00e7\u00f5es integradas; integra\u00e7\u00e3o e conectividade; ordem p\u00fablica\/gest\u00e3o e governan\u00e7a. Dessa forma, contribui para a redu\u00e7\u00e3o da taxa de desmatamento ilegal e do n\u00famero de crimes ambientais e conexos na regi\u00e3o de atua\u00e7\u00e3o do programa.<\/p>\n\n\n\n<p><img src=\"https:\/\/central.to.gov.br\/image\/351337?w=670&amp;h=383\"><\/p>\n\n\n\n<p>O encontro contou com a participa\u00e7\u00e3o de representantes das for\u00e7as de seguran\u00e7a dos nove estados que comp\u00f5em a Amaz\u00f4nia Legal &#8211; Vin\u00edcius Santa Rosa\/Governo do Tocantins\u00a0<\/p>\n\n\n\n<p><img src=\"https:\/\/central.to.gov.br\/image\/351338?w=670&amp;h=383\"><\/p>\n\n\n\n<p>Integra\u00e7\u00e3o das for\u00e7as \u00e9 a estrat\u00e9gia central do Plano Amas, que foi apresentado pela equipe do Minist\u00e9rio da Justi\u00e7a e Seguran\u00e7a P\u00fablica &#8211; Vin\u00edcius Santa Rosa\/Governo do Tocantins&nbsp;<\/p>\n","protected":false},"excerpt":{"rendered":"<p>O Governo do Tocantins participou nessa ter\u00e7a-feira, 17, do primeiro encontro do&nbsp;Plano Amas &#8211; Amaz\u00f4nia: Seguran\u00e7a e Soberania, realizado no Minist\u00e9rio da Justi\u00e7a e Seguran\u00e7a P\u00fablica. O Estado foi representado pelo secret\u00e1rio de Estado da Seguran\u00e7a P\u00fablica, Wlademir Costa; pelo comandante-geral da Pol\u00edcia Militar do Tocantins (PMTO), coronel M\u00e1rcio Ant\u00f4nio Barbosa; pelo comandante-geral do Corpo [&hellip;]<\/p>\n","protected":false},"author":2,"featured_media":17497,"comment_status":"open","ping_status":"open","sticky":false,"template":"","format":"standard","meta":[],"categories":[3],"tags":[13],"_links":{"self":[{"href":"https:\/\/dgospel.com.br\/portal\/index.php\/wp-json\/wp\/v2\/posts\/17496"}],"collection":[{"href":"https:\/\/dgospel.com.br\/portal\/index.php\/wp-json\/wp\/v2\/posts"}],"about":[{"href":"https:\/\/dgospel.com.br\/portal\/index.php\/wp-json\/wp\/v2\/types\/post"}],"author":[{"embeddable":true,"href":"https:\/\/dgospel.com.br\/portal\/index.php\/wp-json\/wp\/v2\/users\/2"}],"replies":[{"embeddable":true,"href":"https:\/\/dgospel.com.br\/portal\/index.php\/wp-json\/wp\/v2\/comments?post=17496"}],"version-history":[{"count":1,"href":"https:\/\/dgospel.com.br\/portal\/index.php\/wp-json\/wp\/v2\/posts\/17496\/revisions"}],"predecessor-version":[{"id":17498,"href":"https:\/\/dgospel.com.br\/portal\/index.php\/wp-json\/wp\/v2\/posts\/17496\/revisions\/17498"}],"wp:featuredmedia":[{"embeddable":true,"href":"https:\/\/dgospel.com.br\/portal\/index.php\/wp-json\/wp\/v2\/media\/17497"}],"wp:attachment":[{"href":"https:\/\/dgospel.com.br\/portal\/index.php\/wp-json\/wp\/v2\/media?parent=17496"}],"wp:term":[{"taxonomy":"category","embeddable":true,"href":"https:\/\/dgospel.com.br\/portal\/index.php\/wp-json\/wp\/v2\/categories?post=17496"},{"taxonomy":"post_tag","embeddable":true,"href":"https:\/\/dgospel.com.br\/portal\/index.php\/wp-json\/wp\/v2\/tags?post=17496"}],"curies":[{"name":"wp","href":"https:\/\/api.w.org\/{rel}","templated":true}]}}