{"id":17499,"date":"2023-10-18T22:32:27","date_gmt":"2023-10-19T01:32:27","guid":{"rendered":"http:\/\/dgospel.com.br\/portal\/?p=17499"},"modified":"2023-10-18T22:32:28","modified_gmt":"2023-10-19T01:32:28","slug":"governo-do-tocantins-e-municipios-discutem-a-politica-de-assistencia-social-no-estado","status":"publish","type":"post","link":"https:\/\/dgospel.com.br\/portal\/index.php\/2023\/10\/18\/governo-do-tocantins-e-municipios-discutem-a-politica-de-assistencia-social-no-estado\/","title":{"rendered":"Governo do Tocantins e munic\u00edpios discutem a pol\u00edtica de assist\u00eancia social no Estado"},"content":{"rendered":"\n<p>O Governo do Tocantins, por meio da Secretaria Estadual do Trabalho e Desenvolvimento Social (Setas), participou nesta quarta-feira, 18, da 153\u00aa Reuni\u00e3o Ordin\u00e1ria da Comiss\u00e3o Intergestores Bipartite (CIB) que ocorreu no audit\u00f3rio da Setas, no Sistema Nacional de Emprego (Sine) em Palmas, a partir das 8h30. Al\u00e9m do secret\u00e1rio da Setas, Jonis Cala\u00e7a, participaram do encontro os t\u00e9cnicos da Setas, gestores municipais de assist\u00eancia social e demais membros da CIB do Tocantins (CIB\/TO).<\/p>\n\n\n\n<p>O encontro iniciou com os informes do Coegemas, Ger\u00eancia de Gest\u00e3o do Suas; Ger\u00eancia de Prote\u00e7\u00e3o Social B\u00e1sica, Bolsa Fam\u00edlia e Benef\u00edcios; Servi\u00e7os da PSB; Programa Crian\u00e7a Feliz; Setor de Benef\u00edcios; e Cadastro \u00danico e Ger\u00eancia de Prote\u00e7\u00e3o Social Especial.<\/p>\n\n\n\n<p>O evento que teve a participa\u00e7\u00e3o de 128 munic\u00edpios tocantinenses contou ainda com a presen\u00e7a da secret\u00e1ria de Gest\u00e3o do Sistema Nacional de Promo\u00e7\u00e3o da Igualdade Racial, I\u00eada Leal, que apresentou aos secret\u00e1rios municipais de assist\u00eancia social a proposta de ades\u00e3o ao Sinapir. \u201cApresentamos a proposta e os chamamos para a ades\u00e3o ao Sistema e agora espero que os munic\u00edpios fa\u00e7am o que manifestaram e que efetivem a ades\u00e3o para tornarmos o Brasil um pa\u00eds melhor e mais igualit\u00e1rio\u201d, ressaltou a secret\u00e1ria.<\/p>\n\n\n\n<p>Entre as demandas da Setas na CIB, as novas regras para o Programa Bolsa Fam\u00edlia, atualiza\u00e7\u00e3o do CadSuas e o Censo Suas 2023.<\/p>\n\n\n\n<p>O secret\u00e1rio da Setas, Jonis Cala\u00e7a, disse que \u201ca CIB \u00e9 uma reuni\u00e3o de grande import\u00e2ncia por contar com a presen\u00e7a dos munic\u00edpios e poder ouvir e falar diretamente com os secret\u00e1rios municipais de assist\u00eancia social, que trabalham na ponta. Tivemos tamb\u00e9m a presen\u00e7a da secret\u00e1ria Ieda Leal que trouxe uma importante proposta de ades\u00e3o ao Sistema Nacional de Promo\u00e7\u00e3o da Igualdade Racial e que enriqueceu ainda mais esse momento\u201d.<\/p>\n\n\n\n<p><strong>CIB<\/strong><\/p>\n\n\n\n<p>A Comiss\u00e3o Intergestores Bipartite \u00e9 um espa\u00e7o de articula\u00e7\u00e3o dos gestores municipais e estaduais de assist\u00eancia social, e caracteriza-se como inst\u00e2ncia de negocia\u00e7\u00e3o e pactua\u00e7\u00e3o dos aspectos operacionais da gest\u00e3o do Sistema \u00danico de Assist\u00eancia Social (Suas).<\/p>\n\n\n\n<p><img src=\"https:\/\/central.to.gov.br\/image\/351349?w=670&amp;h=383\"><\/p>\n\n\n\n<p>Entre as demandas da Setas na CIB, as novas regras para o Programa Bolsa Fam\u00edlia, atualiza\u00e7\u00e3o do CadSuas e o Censo Suas 2023 &#8211; Luciano Dourado\/Governo do Tocantins<\/p>\n","protected":false},"excerpt":{"rendered":"<p>O Governo do Tocantins, por meio da Secretaria Estadual do Trabalho e Desenvolvimento Social (Setas), participou nesta quarta-feira, 18, da 153\u00aa Reuni\u00e3o Ordin\u00e1ria da Comiss\u00e3o Intergestores Bipartite (CIB) que ocorreu no audit\u00f3rio da Setas, no Sistema Nacional de Emprego (Sine) em Palmas, a partir das 8h30. Al\u00e9m do secret\u00e1rio da Setas, Jonis Cala\u00e7a, participaram do [&hellip;]<\/p>\n","protected":false},"author":2,"featured_media":17500,"comment_status":"open","ping_status":"open","sticky":false,"template":"","format":"standard","meta":[],"categories":[3],"tags":[13],"_links":{"self":[{"href":"https:\/\/dgospel.com.br\/portal\/index.php\/wp-json\/wp\/v2\/posts\/17499"}],"collection":[{"href":"https:\/\/dgospel.com.br\/portal\/index.php\/wp-json\/wp\/v2\/posts"}],"about":[{"href":"https:\/\/dgospel.com.br\/portal\/index.php\/wp-json\/wp\/v2\/types\/post"}],"author":[{"embeddable":true,"href":"https:\/\/dgospel.com.br\/portal\/index.php\/wp-json\/wp\/v2\/users\/2"}],"replies":[{"embeddable":true,"href":"https:\/\/dgospel.com.br\/portal\/index.php\/wp-json\/wp\/v2\/comments?post=17499"}],"version-history":[{"count":1,"href":"https:\/\/dgospel.com.br\/portal\/index.php\/wp-json\/wp\/v2\/posts\/17499\/revisions"}],"predecessor-version":[{"id":17501,"href":"https:\/\/dgospel.com.br\/portal\/index.php\/wp-json\/wp\/v2\/posts\/17499\/revisions\/17501"}],"wp:featuredmedia":[{"embeddable":true,"href":"https:\/\/dgospel.com.br\/portal\/index.php\/wp-json\/wp\/v2\/media\/17500"}],"wp:attachment":[{"href":"https:\/\/dgospel.com.br\/portal\/index.php\/wp-json\/wp\/v2\/media?parent=17499"}],"wp:term":[{"taxonomy":"category","embeddable":true,"href":"https:\/\/dgospel.com.br\/portal\/index.php\/wp-json\/wp\/v2\/categories?post=17499"},{"taxonomy":"post_tag","embeddable":true,"href":"https:\/\/dgospel.com.br\/portal\/index.php\/wp-json\/wp\/v2\/tags?post=17499"}],"curies":[{"name":"wp","href":"https:\/\/api.w.org\/{rel}","templated":true}]}}