{"id":17502,"date":"2023-10-18T22:34:56","date_gmt":"2023-10-19T01:34:56","guid":{"rendered":"http:\/\/dgospel.com.br\/portal\/?p=17502"},"modified":"2023-10-18T22:34:57","modified_gmt":"2023-10-19T01:34:57","slug":"governador-wanderlei-barbosa-inaugura-obras-estruturais-em-araguaina-avaliadas-em-r-164-milhoes","status":"publish","type":"post","link":"https:\/\/dgospel.com.br\/portal\/index.php\/2023\/10\/18\/governador-wanderlei-barbosa-inaugura-obras-estruturais-em-araguaina-avaliadas-em-r-164-milhoes\/","title":{"rendered":"Governador Wanderlei Barbosa inaugura obras estruturais em Aragua\u00edna avaliadas em R$ 16,4 milh\u00f5es"},"content":{"rendered":"\n<p>Uma demanda antiga da classe empresarial araguainense foi resolvida pelo governador Wanderlei Barbosa, na tarde desta quarta-feira, 18, com a entrega da revitaliza\u00e7\u00e3o do Distrito Agroindustrial de Aragua\u00edna (Daiara). A obra foi realizada pelo Governo do Tocantins, por meio da parceria firmada entre a Secretaria de Ind\u00fastria, Com\u00e9rcio e Servi\u00e7os (SICS) e a Ag\u00eancia de Transportes, Obras e Infraestrutura (Ageto).<br><br>O projeto, que teve in\u00edcio imediato ap\u00f3s a assinatura da Ordem de Servi\u00e7o em setembro do ano passado, contou com pavimenta\u00e7\u00e3o asf\u00e1ltica, restaura\u00e7\u00e3o e drenagem da TO-422, trecho que liga a BR-153 ao Distrito, al\u00e9m de pavimenta\u00e7\u00e3o das ruas internas. Foram investidos R$ 16,4 milh\u00f5es na obra, que faz parte do Programa de Impulsionamento da Ind\u00fastria, Com\u00e9rcio e Servi\u00e7os do Tocantins (PICS). O or\u00e7amento \u00e9 oriundo do Fundo de Desenvolvimento Econ\u00f4mico do Tocantins.<br><br>\u201cEntregar uma obra dessa dimens\u00e3o \u00e9 um marco e uma honra para n\u00f3s e todos que fazem parte do nosso Governo, porque n\u00f3s sabemos o quanto ela \u00e9 relevante para o setor industrial de Aragua\u00edna\u201d, disse o l\u00edder do executivo estadual, Wanderlei Barbosa, ao citar sua vontade em trabalhar juntamente com a prefeitura do munic\u00edpio para, agora, garantir as vias vicinais do Daiara. \u201cAs empresas querem sair da poeira, da mesma forma que as pessoas que saem de suas resid\u00eancias e v\u00eam trabalhar aqui. N\u00f3s fizemos asfalto, servi\u00e7o de drenagem, canteiro central, cal\u00e7adas e, dessa forma, fizemos em Aragua\u00edna como estamos fazendo em todo o Estado\u201d, pontuou.<br><br>\u00c0 frente da SICS, pasta respons\u00e1vel pelo PICS, o secret\u00e1rio Jos\u00e9 Humberto Lima lembrou que, em outros tempos, essas obras no Daiara j\u00e1 chegaram a ser iniciadas por cinco vezes, mas precisou Wanderlei Barbosa colocar ela em a\u00e7\u00e3o para que fosse realizada e entregue \u00e0 popula\u00e7\u00e3o. \u201cA minha fala \u00e9 de gratid\u00e3o, pois n\u00e3o tem como realizar uma obra t\u00e3o grandiosa como esta sem ter o apoio de todos os envolvidos\u201d, disse ao citar a bancada federal do Tocantins no Congresso Nacional, os deputados estaduais, o secretariado da gest\u00e3o de Wanderlei Barbosa, al\u00e9m da classe empresarial araguainense, entre outros l\u00edderes pol\u00edticos.<br><br>\u201cEm outubro de 2021, no in\u00edcio da sua gest\u00e3o, o governador Wanderlei Barbosa determinou que seus assessores sa\u00edssem dos gabinetes e percorressem as cidades, cada um dentro de sua \u00e1rea, para entender as necessidades de todos os tocantinenses. Na minha primeira visita a Aragua\u00edna, reunido com a diretoria da Aciara [Associa\u00e7\u00e3o Comercial e Industrial de Aragua\u00edna], eu perguntei o que eles desejavam. Eles priorizaram o Daiara, e n\u00f3s estamos aqui entregando\u201d, descreveu Humberto Lima.<br><br>O presidente da Aciara, Denilson da Silva, relembrou a reuni\u00e3o com o secret\u00e1rio Jos\u00e9 Humberto Lima e refor\u00e7ou a hist\u00f3ria. \u201cOs empres\u00e1rios do Daiara j\u00e1 estavam decepcionados com tantas promessas, mas eu tive o prazer de estar junto com a equipe do governador Wanderlei Barbosa, no segundo semestre de 2022, debaixo daquele p\u00e9 de \u00e1rvore, assinando a Ordem de Servi\u00e7o com a certeza de que essa obra iria sair\u201d, come\u00e7ou o presidente, ao explicar o porqu\u00ea da sua certeza: \u201ceu tinha certeza porque a equipe que o Governador escolheu para trabalhar \u00e9 qualificada. Parab\u00e9ns por estar inaugurando essa obra estruturante no maior parque industrial do Tocantins\u201d, agradeceu.<br><br><strong>Obra de qualidade<\/strong><br><br>Com todo o sistema de drenagem pronto, os 7 km de asfalto terminados, sendo 3,5 km de pista dupla no acesso ao Distrito, a empreiteira agora executa o meio fio, sarjetas e cal\u00e7adas das ruas. Em toda a extens\u00e3o \u00e9 utilizado o revestimento asf\u00e1ltico em Concreto Betuminoso Usinado a Quente (CBUQ). Entre as principais vantagens do CBUQ, est\u00e3o a sua durabilidade, resist\u00eancia ao tr\u00e1fego pesado, facilidade de manuten\u00e7\u00e3o e rapidez na execu\u00e7\u00e3o. As obras foram realizadas pela Construtora NSA.<br><br>\u201cEm nome do presidente M\u00e1rcio Pinheiro, eu gostaria de parabenizar toda a equipe que trabalhou, dedicada a realizar esta obra que, apesar de nascer de uma demanda da classe empresarial, ir\u00e1 beneficiar toda a popula\u00e7\u00e3o de Aragua\u00edna e do Tocantins\u201d, salientou o vice-presidente da Ageto, Ruberval Fran\u00e7a. \u201cA gente veio como parceiro, por ter aberto a licita\u00e7\u00e3o e executado a obra. Foram investidos quase R$ 17 milh\u00f5es, utilizando o asfalto mais refor\u00e7ado, que suporta o peso da carga que passa aqui. \u00c9 o mesmo material utilizado na BR-153. N\u00e3o poderia ser diferente, pois o governador determinou uma obra de qualidade, assim como a popula\u00e7\u00e3o araguainense merece. E d\u00e1 pra perceber a felicidade das pessoas, pelo sorriso em seus rostos\u201d, finalizou Ruberval Fran\u00e7a.<br><\/p>\n\n\n\n<p><img src=\"https:\/\/central.to.gov.br\/image\/351360?w=670&amp;h=383\"><\/p>\n\n\n\n<p>Demanda antiga da classe empresarial araguainense, governador do Estado inaugura obra no Daiara em tempo recorde: assinatura da Ordem de Servi\u00e7o ocorreu em setembro de 2022 &#8211; Adilvan Nogueira\/Governo do Tocantins\u00a0<\/p>\n\n\n\n<p><img src=\"https:\/\/central.to.gov.br\/image\/351359?w=670&amp;h=383\"><\/p>\n\n\n\n<p>O vice-presidente da Ageto, Ruberval Fran\u00e7a, salientou que foram investidos quase R$ 17 milh\u00f5es, utilizando do asfalto mais refor\u00e7ado, que suporta peso da carga &#8211; Adilvan Nogueira\/Governo do Tocantins\u00a0<\/p>\n\n\n\n<p><img src=\"https:\/\/central.to.gov.br\/image\/351358?w=670&amp;h=383\"><\/p>\n\n\n\n<p>O presidente da Aciara, Denilson da Silva, agradeceu ao Governo do Tocantins pela conclus\u00e3o da obra &#8211; Adilvan Nogueira\/Governo do Tocantins<\/p>\n\n\n\n<p><img src=\"https:\/\/central.to.gov.br\/image\/351357?w=670&amp;h=383\"><\/p>\n\n\n\n<p>\u00c0 frente da SICS, Jos\u00e9 Humberto Lima lembrou que, em outros tempos, essas obras no Daiara j\u00e1 chegaram a ser iniciadas, mas precisou Wanderlei Barbosa colocar ela em a\u00e7\u00e3o para que fosse realizada e entregue \u00e0 popula\u00e7\u00e3o &#8211; Adilvan Nogueira\/Governo do Tocantins\u00a0<\/p>\n\n\n\n<p><img src=\"https:\/\/central.to.gov.br\/image\/351356?w=670&amp;h=383\"><\/p>\n\n\n\n<p>\u201cEntregar uma obra dessa dimens\u00e3o \u00e9 um marco e uma honra para n\u00f3s e todos que fazem parte do nosso governo, porque n\u00f3s sabemos o quanto ela \u00e9 relevante para o setor industrial de Aragua\u00edna\u201d, disse o l\u00edder do executivo estadual, Wanderlei Barbosa &#8211; Adilvan Nogueira\/Governo do Tocantins\u00a0<\/p>\n\n\n\n<p><img src=\"https:\/\/central.to.gov.br\/image\/351355?w=670&amp;h=383\"><\/p>\n\n\n\n<p>O governador Wanderlei Barbosa entregou, na tarde desta quarta-feira, 18, a revitaliza\u00e7\u00e3o do Distrito Agroindustrial de Aragua\u00edna (Daiara) &#8211; Adilvan Nogueira\/Governo do Tocantins\u00a0<\/p>\n\n\n\n<p><img src=\"https:\/\/central.to.gov.br\/image\/351354?w=670&amp;h=383\"><\/p>\n\n\n\n<p>A obra foi realizada pelo Governo do Tocantins, por meio da parceria firmada entre a Secretaria de Ind\u00fastria, Com\u00e9rcio e Servi\u00e7os (SICS) e a Ag\u00eancia de Transportes, Obras e Infraestrutura (Ageto) &#8211; Adilvan Nogueira\/Governo do Tocantins\u00a0<\/p>\n","protected":false},"excerpt":{"rendered":"<p>Uma demanda antiga da classe empresarial araguainense foi resolvida pelo governador Wanderlei Barbosa, na tarde desta quarta-feira, 18, com a entrega da revitaliza\u00e7\u00e3o do Distrito Agroindustrial de Aragua\u00edna (Daiara). A obra foi realizada pelo Governo do Tocantins, por meio da parceria firmada entre a Secretaria de Ind\u00fastria, Com\u00e9rcio e Servi\u00e7os (SICS) e a Ag\u00eancia de [&hellip;]<\/p>\n","protected":false},"author":2,"featured_media":17503,"comment_status":"open","ping_status":"open","sticky":false,"template":"","format":"standard","meta":[],"categories":[3],"tags":[13],"_links":{"self":[{"href":"https:\/\/dgospel.com.br\/portal\/index.php\/wp-json\/wp\/v2\/posts\/17502"}],"collection":[{"href":"https:\/\/dgospel.com.br\/portal\/index.php\/wp-json\/wp\/v2\/posts"}],"about":[{"href":"https:\/\/dgospel.com.br\/portal\/index.php\/wp-json\/wp\/v2\/types\/post"}],"author":[{"embeddable":true,"href":"https:\/\/dgospel.com.br\/portal\/index.php\/wp-json\/wp\/v2\/users\/2"}],"replies":[{"embeddable":true,"href":"https:\/\/dgospel.com.br\/portal\/index.php\/wp-json\/wp\/v2\/comments?post=17502"}],"version-history":[{"count":1,"href":"https:\/\/dgospel.com.br\/portal\/index.php\/wp-json\/wp\/v2\/posts\/17502\/revisions"}],"predecessor-version":[{"id":17504,"href":"https:\/\/dgospel.com.br\/portal\/index.php\/wp-json\/wp\/v2\/posts\/17502\/revisions\/17504"}],"wp:featuredmedia":[{"embeddable":true,"href":"https:\/\/dgospel.com.br\/portal\/index.php\/wp-json\/wp\/v2\/media\/17503"}],"wp:attachment":[{"href":"https:\/\/dgospel.com.br\/portal\/index.php\/wp-json\/wp\/v2\/media?parent=17502"}],"wp:term":[{"taxonomy":"category","embeddable":true,"href":"https:\/\/dgospel.com.br\/portal\/index.php\/wp-json\/wp\/v2\/categories?post=17502"},{"taxonomy":"post_tag","embeddable":true,"href":"https:\/\/dgospel.com.br\/portal\/index.php\/wp-json\/wp\/v2\/tags?post=17502"}],"curies":[{"name":"wp","href":"https:\/\/api.w.org\/{rel}","templated":true}]}}