{"id":17505,"date":"2023-10-18T22:38:39","date_gmt":"2023-10-19T01:38:39","guid":{"rendered":"http:\/\/dgospel.com.br\/portal\/?p=17505"},"modified":"2023-10-18T22:38:41","modified_gmt":"2023-10-19T01:38:41","slug":"afastado-medico-retorna-para-jesus-ao-presenciar-milagre-todos-os-dias-vemos-um","status":"publish","type":"post","link":"https:\/\/dgospel.com.br\/portal\/index.php\/2023\/10\/18\/afastado-medico-retorna-para-jesus-ao-presenciar-milagre-todos-os-dias-vemos-um\/","title":{"rendered":"Afastado, m\u00e9dico retorna para Jesus ao presenciar milagre: \u2018Todos os dias vemos um\u2019"},"content":{"rendered":"\n<p>Por alguns anos, o m\u00e9dico Roger Mendes duvidou da&nbsp;<a href=\"https:\/\/noticias.gospelmais.com.br\/milagres-feitos-nao-tem-jeito-ludmila-ferber-101616.html\">exist\u00eancia de milagres<\/a>&nbsp;nos dias atuais. Apesar de ter nascido em um lar crist\u00e3o, sendo filho de pastor, o profissional da sa\u00fade passou a duvidar da provid\u00eancia divina de car\u00e1ter miraculoso.<\/p>\n\n\n\n<p>Em uma entrevista para a Rede Super, Mendes disse que o seu ceticismo ganhou for\u00e7a quando ingressou na faculdade de medicina da Universidade Federal do Rio de Janeiro (UERJ), em 2007.<\/p>\n\n\n\n<p>\u201cQuando eu entrei no curso, eu me deparei com professores, com um ambiente bastante ateu, onde a f\u00e9 n\u00e3o fazia parte do discurso e nem bem visto em nenhuma discuss\u00e3o\u201d, disse ele na entrevista.<\/p>\n\n\n\n<p>Confirmando a impress\u00e3o que muitos t\u00eam sobre a exist\u00eancia de um ambiente hostil \u00e0 f\u00e9 crist\u00e3 nas universidades, o m\u00e9dico disse que \u201cinclusive, ao longo da faculdade, eu vi que existia muito embate entre os m\u00e9dicos com as cren\u00e7as dos familiares, principalmente evang\u00e9licos. Ainda h\u00e1 muito preconceito\u201d.<\/p>\n\n\n\n<p>\u201cEu comecei a questionar muitos milagres que as pessoas diziam que aconteciam. Eu falava: \u2018N\u00e3o existe milagre, existe tratamento e uma cura. Esses milagres foram tratamentos que deram certo\u2019. Eu questionava se entre os evang\u00e9licos n\u00e3o havia um certo exagero na busca da cura\u201d, continuou o profissional.<\/p>\n\n\n\n<h2>Casos inexplic\u00e1veis<\/h2>\n\n\n\n<p>A mudan\u00e7a no entendimento de Roger Mendes come\u00e7ou a acontecer quando ele pr\u00f3prio passou a se deparar com casos de cura que a medicina n\u00e3o \u00e9 capaz de dar explica\u00e7\u00f5es convincentes do ponto de vista estritamente cl\u00ednico.<\/p>\n\n\n\n<p>Ou seja, quando racionalmente \u00e9 imposs\u00edvel n\u00e3o enxergar a a\u00e7\u00e3o de algo fora do contexto cl\u00ednico, influenciando na recupera\u00e7\u00e3o de um enfermo. Segundo o m\u00e9dico, foi assim que Deus lhe mostrou \u201cde forma bem pr\u00e1tica, no dia a dia, a m\u00e3o dele em situa\u00e7\u00f5es que n\u00e3o havia explica\u00e7\u00f5es para o que acontecia\u201d.<\/p>\n\n\n\n<p>Em um dos casos, Mendes disse que um paciente estava pronto para ser diagnosticado com morte cerebral, quando seus familiares disseram que haviam tido uma revela\u00e7\u00e3o de Deus, dizendo que ele sairia andando do hospital.<\/p>\n\n\n\n<p>\u201cFoi passando os dias, ele abriu os olhos, mexeu um bra\u00e7o, ele ia melhorando. At\u00e9 um dia que ele j\u00e1 estava consciente, interagia\u201d, lembra o m\u00e9dico. \u201cEle acordou milagrosamente e teve alta do hospital andando. Foi um milagre incontest\u00e1vel, n\u00e3o tinha como dizer que n\u00e3o era uma milagre de Deus\u201d.<\/p>\n\n\n\n<p>Segundo Mendes, todos os dias ele se depara com casos onde Deus atua na vida dos pacientes, o que lhe fez mudar de vis\u00e3o e se reconciliar com Jesus Cristo. \u201cHoje, eu n\u00e3o tenho mais nenhum conflito entre a medicina e a f\u00e9\u201d, diz ele.\u00a0<a href=\"https:\/\/www.youtube.com\/watch?v=ub-fbwFE84k\">Assista<\/a>:<\/p>\n\n\n\n<figure class=\"wp-block-embed is-type-video is-provider-youtube wp-block-embed-youtube wp-embed-aspect-16-9 wp-has-aspect-ratio\"><div class=\"wp-block-embed__wrapper\">\n<iframe loading=\"lazy\" title=\"M\u00e9dico se reconcilia com Jesus ap\u00f3s testemunhar milagres  | 08\/10\/2019 | PROVA VIVA\" width=\"630\" height=\"354\" src=\"https:\/\/www.youtube.com\/embed\/ub-fbwFE84k?feature=oembed\" frameborder=\"0\" allow=\"accelerometer; autoplay; clipboard-write; encrypted-media; gyroscope; picture-in-picture; web-share\" allowfullscreen><\/iframe>\n<\/div><\/figure>\n","protected":false},"excerpt":{"rendered":"<p>Por alguns anos, o m\u00e9dico Roger Mendes duvidou da&nbsp;exist\u00eancia de milagres&nbsp;nos dias atuais. Apesar de ter nascido em um lar crist\u00e3o, sendo filho de pastor, o profissional da sa\u00fade passou a duvidar da provid\u00eancia divina de car\u00e1ter miraculoso. Em uma entrevista para a Rede Super, Mendes disse que o seu ceticismo ganhou for\u00e7a quando ingressou [&hellip;]<\/p>\n","protected":false},"author":2,"featured_media":17506,"comment_status":"open","ping_status":"open","sticky":false,"template":"","format":"standard","meta":[],"categories":[5],"tags":[],"_links":{"self":[{"href":"https:\/\/dgospel.com.br\/portal\/index.php\/wp-json\/wp\/v2\/posts\/17505"}],"collection":[{"href":"https:\/\/dgospel.com.br\/portal\/index.php\/wp-json\/wp\/v2\/posts"}],"about":[{"href":"https:\/\/dgospel.com.br\/portal\/index.php\/wp-json\/wp\/v2\/types\/post"}],"author":[{"embeddable":true,"href":"https:\/\/dgospel.com.br\/portal\/index.php\/wp-json\/wp\/v2\/users\/2"}],"replies":[{"embeddable":true,"href":"https:\/\/dgospel.com.br\/portal\/index.php\/wp-json\/wp\/v2\/comments?post=17505"}],"version-history":[{"count":1,"href":"https:\/\/dgospel.com.br\/portal\/index.php\/wp-json\/wp\/v2\/posts\/17505\/revisions"}],"predecessor-version":[{"id":17507,"href":"https:\/\/dgospel.com.br\/portal\/index.php\/wp-json\/wp\/v2\/posts\/17505\/revisions\/17507"}],"wp:featuredmedia":[{"embeddable":true,"href":"https:\/\/dgospel.com.br\/portal\/index.php\/wp-json\/wp\/v2\/media\/17506"}],"wp:attachment":[{"href":"https:\/\/dgospel.com.br\/portal\/index.php\/wp-json\/wp\/v2\/media?parent=17505"}],"wp:term":[{"taxonomy":"category","embeddable":true,"href":"https:\/\/dgospel.com.br\/portal\/index.php\/wp-json\/wp\/v2\/categories?post=17505"},{"taxonomy":"post_tag","embeddable":true,"href":"https:\/\/dgospel.com.br\/portal\/index.php\/wp-json\/wp\/v2\/tags?post=17505"}],"curies":[{"name":"wp","href":"https:\/\/api.w.org\/{rel}","templated":true}]}}