{"id":17512,"date":"2023-10-19T22:51:06","date_gmt":"2023-10-20T01:51:06","guid":{"rendered":"http:\/\/dgospel.com.br\/portal\/?p=17512"},"modified":"2023-10-19T22:51:07","modified_gmt":"2023-10-20T01:51:07","slug":"vereador-rubens-solicita-a-construcao-de-uma-quadra-esportiva-na-405-norte","status":"publish","type":"post","link":"https:\/\/dgospel.com.br\/portal\/index.php\/2023\/10\/19\/vereador-rubens-solicita-a-construcao-de-uma-quadra-esportiva-na-405-norte\/","title":{"rendered":"Vereador Rubens solicita a constru\u00e7\u00e3o de uma quadra Esportiva na 405 Norte"},"content":{"rendered":"\n<p>O vereador Rubens Uch\u00f4a (Uni\u00e3o Brasil) apresentou um requerimento solicitando ao Poder Executivo Municipal que atrav\u00e9s da Funda\u00e7\u00e3o Municipal do Esporte e Lazer, construa em car\u00e1ter de urg\u00eancia uma quadra poliesportiva na quadra 406 Norte.<\/p>\n\n\n\n<p>O parlamentar justificou que, considerando que o esporte e o lazer \u00e9 um direito individual e coletivo constitucionalmente assegurado, cabendo ao Poder P\u00fablico proporcionar as condi\u00e7\u00f5es materiais suficientes para a efetiva\u00e7\u00e3o dessa garantia.<\/p>\n\n\n\n<p>De acordo com o vereador, se faz necess\u00e1ria a constru\u00e7\u00e3o de uma quadra esportiva para atender as demandas dos moradores local, proporcionando e promovendo a pr\u00e1tica de esportes e melhorando a qualidade de vida dos moradores da regi\u00e3o\u201d disse o parlamentar.<\/p>\n\n\n\n<p>Rubens Uch\u00f4a tamb\u00e9m solicitou atrav\u00e9s de requerimento, em car\u00e1ter de urg\u00eancia, que a Prefeitura providencie a constru\u00e7\u00e3o da quadra esportiva na 509 sul.<\/p>\n","protected":false},"excerpt":{"rendered":"<p>O vereador Rubens Uch\u00f4a (Uni\u00e3o Brasil) apresentou um requerimento solicitando ao Poder Executivo Municipal que atrav\u00e9s da Funda\u00e7\u00e3o Municipal do Esporte e Lazer, construa em car\u00e1ter de urg\u00eancia uma quadra poliesportiva na quadra 406 Norte. O parlamentar justificou que, considerando que o esporte e o lazer \u00e9 um direito individual e coletivo constitucionalmente assegurado, cabendo [&hellip;]<\/p>\n","protected":false},"author":2,"featured_media":17513,"comment_status":"open","ping_status":"open","sticky":false,"template":"","format":"standard","meta":[],"categories":[8],"tags":[],"_links":{"self":[{"href":"https:\/\/dgospel.com.br\/portal\/index.php\/wp-json\/wp\/v2\/posts\/17512"}],"collection":[{"href":"https:\/\/dgospel.com.br\/portal\/index.php\/wp-json\/wp\/v2\/posts"}],"about":[{"href":"https:\/\/dgospel.com.br\/portal\/index.php\/wp-json\/wp\/v2\/types\/post"}],"author":[{"embeddable":true,"href":"https:\/\/dgospel.com.br\/portal\/index.php\/wp-json\/wp\/v2\/users\/2"}],"replies":[{"embeddable":true,"href":"https:\/\/dgospel.com.br\/portal\/index.php\/wp-json\/wp\/v2\/comments?post=17512"}],"version-history":[{"count":1,"href":"https:\/\/dgospel.com.br\/portal\/index.php\/wp-json\/wp\/v2\/posts\/17512\/revisions"}],"predecessor-version":[{"id":17514,"href":"https:\/\/dgospel.com.br\/portal\/index.php\/wp-json\/wp\/v2\/posts\/17512\/revisions\/17514"}],"wp:featuredmedia":[{"embeddable":true,"href":"https:\/\/dgospel.com.br\/portal\/index.php\/wp-json\/wp\/v2\/media\/17513"}],"wp:attachment":[{"href":"https:\/\/dgospel.com.br\/portal\/index.php\/wp-json\/wp\/v2\/media?parent=17512"}],"wp:term":[{"taxonomy":"category","embeddable":true,"href":"https:\/\/dgospel.com.br\/portal\/index.php\/wp-json\/wp\/v2\/categories?post=17512"},{"taxonomy":"post_tag","embeddable":true,"href":"https:\/\/dgospel.com.br\/portal\/index.php\/wp-json\/wp\/v2\/tags?post=17512"}],"curies":[{"name":"wp","href":"https:\/\/api.w.org\/{rel}","templated":true}]}}