{"id":17515,"date":"2023-10-21T00:45:14","date_gmt":"2023-10-21T03:45:14","guid":{"rendered":"http:\/\/dgospel.com.br\/portal\/?p=17515"},"modified":"2023-10-21T00:52:18","modified_gmt":"2023-10-21T03:52:18","slug":"vereador-rubens-uchoa-lamenta-morte-do-pastor-joao-carmo-morais","status":"publish","type":"post","link":"https:\/\/dgospel.com.br\/portal\/index.php\/2023\/10\/21\/vereador-rubens-uchoa-lamenta-morte-do-pastor-joao-carmo-morais\/","title":{"rendered":"Vereador Rubens Uchoa lamenta morte do pastor Jo\u00e3o Carmo Morais"},"content":{"rendered":"\n<p>O vereador Rubens Uchoa (Uni\u00e3o Brasil), emitiu nota de pesar pelo falecimento do pastor&nbsp;Jo\u00e3o Carmo Morais, ocorrido nesta sexta-feira (20) em Aragua\u00edna.<\/p>\n\n\n\n<p>O pastor Jo\u00e3o Carmo Morais havia sofrido um infarto, posteriormente passou por procedimento cir\u00fargico, mas teve algumas complica\u00e7\u00f5es p\u00f3s cirurgia, levando-o \u00e0 \u00f3bito<\/p>\n\n\n\n<p>Pastor Jo\u00e3o Carmo tinha 59 anos, era presidente da Assembleia de Deus CIADSETA em Augustinop\u00f3lis- TO, e ocupava o cargo de 2\u00ba vice-presidente da Conven\u00e7\u00e3o CIADSETA.<\/p>\n\n\n\n<p>Rubens Uchoa disse que foi com profundo pesar e tristeza que recebeu a triste not\u00edcia do falecimento do pastor Jo\u00e3o Carmo. \u201cGrande homem de Deus que deixa um legado, pois era um homem horando, sincero, \u00e9tico, um grande l\u00edder, esposo, pai, amigo, uma pessoa que construiu uma hist\u00f3ria e, que deixa uma lacuna no meio da comunidade evang\u00e9lica. Nossas sinceras condol\u00eancias \u00e0 fam\u00edlia e amigos neste momento dif\u00edcil. Que Deus possa confortar a todos\u201d, disse o vereador.<\/p>\n\n\n\n<p><\/p>\n\n\n\n<figure class=\"wp-block-image size-full\"><img loading=\"lazy\" width=\"576\" height=\"1024\" src=\"http:\/\/dgospel.com.br\/portal\/wp-content\/uploads\/2023\/10\/00-12.jpg\" alt=\"\" class=\"wp-image-17518\" srcset=\"https:\/\/dgospel.com.br\/portal\/wp-content\/uploads\/2023\/10\/00-12.jpg 576w, https:\/\/dgospel.com.br\/portal\/wp-content\/uploads\/2023\/10\/00-12-169x300.jpg 169w\" sizes=\"(max-width: 576px) 100vw, 576px\" \/><\/figure>\n","protected":false},"excerpt":{"rendered":"<p>O vereador Rubens Uchoa (Uni\u00e3o Brasil), emitiu nota de pesar pelo falecimento do pastor&nbsp;Jo\u00e3o Carmo Morais, ocorrido nesta sexta-feira (20) em Aragua\u00edna. O pastor Jo\u00e3o Carmo Morais havia sofrido um infarto, posteriormente passou por procedimento cir\u00fargico, mas teve algumas complica\u00e7\u00f5es p\u00f3s cirurgia, levando-o \u00e0 \u00f3bito Pastor Jo\u00e3o Carmo tinha 59 anos, era presidente da Assembleia [&hellip;]<\/p>\n","protected":false},"author":2,"featured_media":17516,"comment_status":"open","ping_status":"open","sticky":false,"template":"","format":"standard","meta":[],"categories":[5],"tags":[],"_links":{"self":[{"href":"https:\/\/dgospel.com.br\/portal\/index.php\/wp-json\/wp\/v2\/posts\/17515"}],"collection":[{"href":"https:\/\/dgospel.com.br\/portal\/index.php\/wp-json\/wp\/v2\/posts"}],"about":[{"href":"https:\/\/dgospel.com.br\/portal\/index.php\/wp-json\/wp\/v2\/types\/post"}],"author":[{"embeddable":true,"href":"https:\/\/dgospel.com.br\/portal\/index.php\/wp-json\/wp\/v2\/users\/2"}],"replies":[{"embeddable":true,"href":"https:\/\/dgospel.com.br\/portal\/index.php\/wp-json\/wp\/v2\/comments?post=17515"}],"version-history":[{"count":2,"href":"https:\/\/dgospel.com.br\/portal\/index.php\/wp-json\/wp\/v2\/posts\/17515\/revisions"}],"predecessor-version":[{"id":17519,"href":"https:\/\/dgospel.com.br\/portal\/index.php\/wp-json\/wp\/v2\/posts\/17515\/revisions\/17519"}],"wp:featuredmedia":[{"embeddable":true,"href":"https:\/\/dgospel.com.br\/portal\/index.php\/wp-json\/wp\/v2\/media\/17516"}],"wp:attachment":[{"href":"https:\/\/dgospel.com.br\/portal\/index.php\/wp-json\/wp\/v2\/media?parent=17515"}],"wp:term":[{"taxonomy":"category","embeddable":true,"href":"https:\/\/dgospel.com.br\/portal\/index.php\/wp-json\/wp\/v2\/categories?post=17515"},{"taxonomy":"post_tag","embeddable":true,"href":"https:\/\/dgospel.com.br\/portal\/index.php\/wp-json\/wp\/v2\/tags?post=17515"}],"curies":[{"name":"wp","href":"https:\/\/api.w.org\/{rel}","templated":true}]}}