{"id":17520,"date":"2023-10-23T09:34:17","date_gmt":"2023-10-23T12:34:17","guid":{"rendered":"http:\/\/dgospel.com.br\/portal\/?p=17520"},"modified":"2023-10-23T09:34:19","modified_gmt":"2023-10-23T12:34:19","slug":"eleicao-na-argentina-javier-milei-e-sergio-massa-no-segundo-turno","status":"publish","type":"post","link":"https:\/\/dgospel.com.br\/portal\/index.php\/2023\/10\/23\/eleicao-na-argentina-javier-milei-e-sergio-massa-no-segundo-turno\/","title":{"rendered":"Elei\u00e7\u00e3o na Argentina: Javier Milei e Sergio Massa no segundo turno"},"content":{"rendered":"\n<p>A Argentina ter\u00e1 o segundo turno eleitoral, com o ministro da Economia, Sergio Massa, e o candidato de direita, Javier Milei, na corrida presidencial. Embora pesquisas j\u00e1 indicassem essa possibilidade, a surpresa reside na posi\u00e7\u00e3o de Massa, que superou o favorito das elei\u00e7\u00f5es. Com mais de 76% das urnas apuradas, o candidato peronista lidera com 35,90% dos votos, enquanto Javier Milei acumula 30,51%. Por outro lado, Patricia Bullrich, como previsto, ocupa a terceira posi\u00e7\u00e3o com 23,61% dos votos.<a rel=\"noreferrer noopener\" href=\"https:\/\/www.assembleia.pr.leg.br\/assembleia-itinerante\/sugestao-de-melhorias-para-sua-cidade\" target=\"_blank\"><\/a><\/p>\n\n\n\n<p>Para vencer no primeiro turno, um candidato precisaria alcan\u00e7ar 40% dos votos, com o segundo colocado recebendo menos de 30%, ou atingir 45%, independentemente da porcentagem dos outros concorrentes. Segundo especialistas em rela\u00e7\u00f5es internacionais, essas elei\u00e7\u00f5es est\u00e3o entre as mais complexas desde a redemocratiza\u00e7\u00e3o do pa\u00eds em 1983, devido \u00e0s consequ\u00eancias da crise que afeta a popula\u00e7\u00e3o, principalmente nos \u00e2mbitos econ\u00f4mico e pol\u00edtico-institucional.<\/p>\n\n\n\n<p>Os analistas j\u00e1 previam que a elei\u00e7\u00e3o avan\u00e7aria para um segundo turno, com Javier Milei liderando em votos, seguido por Sergio Massa. Pesquisas consultadas pelo jornal argentino \u2018La Naci\u00f3n\u2019 apontavam Milei como o principal candidato, com varia\u00e7\u00f5es de 33% a 37,7%. Em segundo lugar, estava o ministro da Economia, Sergio Massa, com percentagens entre 26% e 32,2%, seguido por Patr\u00edcia Bullrich, com resultados variando de 21,8% a 28,9%. Os resultados indicam claramente a perspectiva de um segundo turno entre o candidato de direita e o peronista.<\/p>\n","protected":false},"excerpt":{"rendered":"<p>A Argentina ter\u00e1 o segundo turno eleitoral, com o ministro da Economia, Sergio Massa, e o candidato de direita, Javier Milei, na corrida presidencial. Embora pesquisas j\u00e1 indicassem essa possibilidade, a surpresa reside na posi\u00e7\u00e3o de Massa, que superou o favorito das elei\u00e7\u00f5es. Com mais de 76% das urnas apuradas, o candidato peronista lidera com [&hellip;]<\/p>\n","protected":false},"author":2,"featured_media":17521,"comment_status":"open","ping_status":"open","sticky":false,"template":"","format":"standard","meta":[],"categories":[16],"tags":[13],"_links":{"self":[{"href":"https:\/\/dgospel.com.br\/portal\/index.php\/wp-json\/wp\/v2\/posts\/17520"}],"collection":[{"href":"https:\/\/dgospel.com.br\/portal\/index.php\/wp-json\/wp\/v2\/posts"}],"about":[{"href":"https:\/\/dgospel.com.br\/portal\/index.php\/wp-json\/wp\/v2\/types\/post"}],"author":[{"embeddable":true,"href":"https:\/\/dgospel.com.br\/portal\/index.php\/wp-json\/wp\/v2\/users\/2"}],"replies":[{"embeddable":true,"href":"https:\/\/dgospel.com.br\/portal\/index.php\/wp-json\/wp\/v2\/comments?post=17520"}],"version-history":[{"count":1,"href":"https:\/\/dgospel.com.br\/portal\/index.php\/wp-json\/wp\/v2\/posts\/17520\/revisions"}],"predecessor-version":[{"id":17522,"href":"https:\/\/dgospel.com.br\/portal\/index.php\/wp-json\/wp\/v2\/posts\/17520\/revisions\/17522"}],"wp:featuredmedia":[{"embeddable":true,"href":"https:\/\/dgospel.com.br\/portal\/index.php\/wp-json\/wp\/v2\/media\/17521"}],"wp:attachment":[{"href":"https:\/\/dgospel.com.br\/portal\/index.php\/wp-json\/wp\/v2\/media?parent=17520"}],"wp:term":[{"taxonomy":"category","embeddable":true,"href":"https:\/\/dgospel.com.br\/portal\/index.php\/wp-json\/wp\/v2\/categories?post=17520"},{"taxonomy":"post_tag","embeddable":true,"href":"https:\/\/dgospel.com.br\/portal\/index.php\/wp-json\/wp\/v2\/tags?post=17520"}],"curies":[{"name":"wp","href":"https:\/\/api.w.org\/{rel}","templated":true}]}}