{"id":17527,"date":"2023-10-23T11:19:31","date_gmt":"2023-10-23T14:19:31","guid":{"rendered":"http:\/\/dgospel.com.br\/portal\/?p=17527"},"modified":"2023-10-23T11:19:33","modified_gmt":"2023-10-23T14:19:33","slug":"em-ato-partidos-de-esquerda-pedem-aplausos-para-hamas-e-jihad","status":"publish","type":"post","link":"https:\/\/dgospel.com.br\/portal\/index.php\/2023\/10\/23\/em-ato-partidos-de-esquerda-pedem-aplausos-para-hamas-e-jihad\/","title":{"rendered":"Em ato, partidos de esquerda pedem aplausos para Hamas e Jihad"},"content":{"rendered":"\n<p>Uma manifesta\u00e7\u00e3o realizada por siglas de esquerda, neste domingo (22), em&nbsp;<a href=\"https:\/\/pleno.news\/tag\/sao-paulo\" target=\"_blank\" rel=\"noreferrer noopener\">S\u00e3o Paulo<\/a>, foi marcada por ataques a Israel e exalta\u00e7\u00e3o de movimentos terroristas como o&nbsp;<a href=\"https:\/\/pleno.news\/tag\/hamas\" target=\"_blank\" rel=\"noreferrer noopener\">Hamas<\/a>&nbsp;e a Jihad Isl\u00e2mica. Representantes de legendas como o Partido da Causa Oper\u00e1ria (PCO) e o Partido Socialista dos Trabalhadores Unificado (PSTU) marcaram presen\u00e7a no ato que aconteceu na Pra\u00e7a Oswaldo Cruz, no centro da capital paulista.<\/p>\n\n\n\n<p>Em um dos momentos da manifesta\u00e7\u00e3o registrado nas redes sociais, um militante em cima de um trio el\u00e9trico pediu uma \u201csalva de palmas\u201d para o \u201cHamas, para a Jihad Isl\u00e2mica e para todos os grupos que lutam pela Palestina\u201d.<\/p>\n\n\n\n<p>\u2013 Viva o Hamas, viva a Palestina \u2013 gritou o manifestante.<\/p>\n\n\n\n<p>Quem tamb\u00e9m fez um pronunciamento enf\u00e1tico a favor dos atos de viol\u00eancia de grupos terroristas contr\u00e1rios a Israel foi o presidente do PSTU, Z\u00e9 Maria. Ao discursar de cima de um trio el\u00e9trico, o l\u00edder da sigla de esquerda falou em \u201cderrotar o Estado Sionista de Israel\u201d. Durante o ato, manifestantes chegaram a queimar bandeiras de Israel e dos Estados Unidos.<\/p>\n\n\n\n<p>\u2013 Neste momento, estamos na trincheira militar do Hamas (\u2026). Todo ato de for\u00e7a, todo ato de viol\u00eancia do povo palestino contra o sionismo \u00e9 leg\u00edtimo \u2013 disse Z\u00e9 Maria.<\/p>\n\n\n\n<p><a href=\"https:\/\/www.instagram.com\/p\/CyuFB_gxiR4\/?utm_source=ig_embed&amp;ig_rid=8d8bbf40-0029-4680-8f56-ffd0003a27c6\">https:\/\/www.instagram.com\/p\/CyuFB_gxiR4\/?utm_source=ig_embed&amp;ig_rid=8d8bbf40-0029-4680-8f56-ffd0003a27c6<\/a><\/p>\n","protected":false},"excerpt":{"rendered":"<p>Uma manifesta\u00e7\u00e3o realizada por siglas de esquerda, neste domingo (22), em&nbsp;S\u00e3o Paulo, foi marcada por ataques a Israel e exalta\u00e7\u00e3o de movimentos terroristas como o&nbsp;Hamas&nbsp;e a Jihad Isl\u00e2mica. Representantes de legendas como o Partido da Causa Oper\u00e1ria (PCO) e o Partido Socialista dos Trabalhadores Unificado (PSTU) marcaram presen\u00e7a no ato que aconteceu na Pra\u00e7a Oswaldo [&hellip;]<\/p>\n","protected":false},"author":2,"featured_media":17528,"comment_status":"open","ping_status":"open","sticky":false,"template":"","format":"standard","meta":[],"categories":[10],"tags":[],"_links":{"self":[{"href":"https:\/\/dgospel.com.br\/portal\/index.php\/wp-json\/wp\/v2\/posts\/17527"}],"collection":[{"href":"https:\/\/dgospel.com.br\/portal\/index.php\/wp-json\/wp\/v2\/posts"}],"about":[{"href":"https:\/\/dgospel.com.br\/portal\/index.php\/wp-json\/wp\/v2\/types\/post"}],"author":[{"embeddable":true,"href":"https:\/\/dgospel.com.br\/portal\/index.php\/wp-json\/wp\/v2\/users\/2"}],"replies":[{"embeddable":true,"href":"https:\/\/dgospel.com.br\/portal\/index.php\/wp-json\/wp\/v2\/comments?post=17527"}],"version-history":[{"count":1,"href":"https:\/\/dgospel.com.br\/portal\/index.php\/wp-json\/wp\/v2\/posts\/17527\/revisions"}],"predecessor-version":[{"id":17529,"href":"https:\/\/dgospel.com.br\/portal\/index.php\/wp-json\/wp\/v2\/posts\/17527\/revisions\/17529"}],"wp:featuredmedia":[{"embeddable":true,"href":"https:\/\/dgospel.com.br\/portal\/index.php\/wp-json\/wp\/v2\/media\/17528"}],"wp:attachment":[{"href":"https:\/\/dgospel.com.br\/portal\/index.php\/wp-json\/wp\/v2\/media?parent=17527"}],"wp:term":[{"taxonomy":"category","embeddable":true,"href":"https:\/\/dgospel.com.br\/portal\/index.php\/wp-json\/wp\/v2\/categories?post=17527"},{"taxonomy":"post_tag","embeddable":true,"href":"https:\/\/dgospel.com.br\/portal\/index.php\/wp-json\/wp\/v2\/tags?post=17527"}],"curies":[{"name":"wp","href":"https:\/\/api.w.org\/{rel}","templated":true}]}}