{"id":17530,"date":"2023-10-23T11:36:19","date_gmt":"2023-10-23T14:36:19","guid":{"rendered":"http:\/\/dgospel.com.br\/portal\/?p=17530"},"modified":"2023-10-23T11:36:21","modified_gmt":"2023-10-23T14:36:21","slug":"deputados-querem-proibir-uniao-de-tres-ou-mais-pessoas","status":"publish","type":"post","link":"https:\/\/dgospel.com.br\/portal\/index.php\/2023\/10\/23\/deputados-querem-proibir-uniao-de-tres-ou-mais-pessoas\/","title":{"rendered":"Deputados querem proibir uni\u00e3o de tr\u00eas ou mais pessoas"},"content":{"rendered":"\n<p>A Comiss\u00e3o de Previd\u00eancia, Assist\u00eancia Social, Inf\u00e2ncia, Adolesc\u00eancia e Fam\u00edlia (CPASF) da C\u00e2mara dos Deputados est\u00e1 analisando o Projeto de Lei 4302\/2016 que visa proibir o reconhecimento da uni\u00e3o poliafetiva, isto \u00e9, formada por tr\u00eas pessoas ou mais.<\/p>\n\n\n\n<p>De autoria do Vinicius Carvalho (Republicanos-SP), o texto recebeu outros tr\u00eas projetos apensados: O PL 10312\/2018, que pro\u00edbe a uni\u00e3o est\u00e1vel de mais de duas pessoas; o PL 10809\/2018 que impede o registro de fam\u00edlias poliafetivas em cart\u00f3rio; e o PL 309\/2021 que impede a caracteriza\u00e7\u00e3o e o reconhecimento do novo v\u00ednculo de uni\u00e3o est\u00e1vel no C\u00f3digo Civil.<\/p>\n\n\n\n<p>O relator do projeto \u00e9 o deputado federal Filipe Martins (PL-TO) que j\u00e1 apresentou seu relat\u00f3rio apoiando a proibi\u00e7\u00e3o deste tipo de uni\u00e3o por in\u00fameras raz\u00f5es, entre elas as quest\u00f5es de seguran\u00e7a jur\u00eddica.<\/p>\n\n\n\n<p>No documento, Martins cita o artigo 226 da Constitui\u00e7\u00e3o Federal que garante a prote\u00e7\u00e3o do Estado para o reconhecimento da uni\u00e3o est\u00e1vel entre um homem e uma mulher. Outra ponto do relat\u00f3rio cita o entendimento do Conselho Nacional de Justi\u00e7a de 26 de junho de 2018 que proibiu que cart\u00f3rios em todo o Brasil lavrem qualquer documento que declare uni\u00e3o est\u00e1vel entre mais de dois conviventes.<\/p>\n\n\n\n<p>\u2013 Caso este tipo afetividade fosse equiparado \u00e0 fam\u00edlia, n\u00e3o s\u00f3 a cultura brasileira teria de ser fortemente alterada, mas tamb\u00e9m todo o arcabou\u00e7o legal p\u00e1trio que traz prote\u00e7\u00e3o \u00e0s fam\u00edlias, sendo necess\u00e1rio reescrever a Constitui\u00e7\u00e3o, o C\u00f3digo Civil e as legisla\u00e7\u00f5es previdenci\u00e1rias, dentre outras. Al\u00e9m disso, todas as pol\u00edticas p\u00fablicas de aten\u00e7\u00e3o \u00e0 fam\u00edlia teriam de ser reformuladas. Este seria o potencial lesivo de se permitir que tais rela\u00e7\u00f5es sejam consideradas como \u201cfam\u00edlia\u201d \u2013 pontua o deputado no relat\u00f3rio apresentado na comiss\u00e3o.<\/p>\n","protected":false},"excerpt":{"rendered":"<p>A Comiss\u00e3o de Previd\u00eancia, Assist\u00eancia Social, Inf\u00e2ncia, Adolesc\u00eancia e Fam\u00edlia (CPASF) da C\u00e2mara dos Deputados est\u00e1 analisando o Projeto de Lei 4302\/2016 que visa proibir o reconhecimento da uni\u00e3o poliafetiva, isto \u00e9, formada por tr\u00eas pessoas ou mais. De autoria do Vinicius Carvalho (Republicanos-SP), o texto recebeu outros tr\u00eas projetos apensados: O PL 10312\/2018, que [&hellip;]<\/p>\n","protected":false},"author":2,"featured_media":17531,"comment_status":"open","ping_status":"open","sticky":false,"template":"","format":"standard","meta":[],"categories":[8],"tags":[],"_links":{"self":[{"href":"https:\/\/dgospel.com.br\/portal\/index.php\/wp-json\/wp\/v2\/posts\/17530"}],"collection":[{"href":"https:\/\/dgospel.com.br\/portal\/index.php\/wp-json\/wp\/v2\/posts"}],"about":[{"href":"https:\/\/dgospel.com.br\/portal\/index.php\/wp-json\/wp\/v2\/types\/post"}],"author":[{"embeddable":true,"href":"https:\/\/dgospel.com.br\/portal\/index.php\/wp-json\/wp\/v2\/users\/2"}],"replies":[{"embeddable":true,"href":"https:\/\/dgospel.com.br\/portal\/index.php\/wp-json\/wp\/v2\/comments?post=17530"}],"version-history":[{"count":1,"href":"https:\/\/dgospel.com.br\/portal\/index.php\/wp-json\/wp\/v2\/posts\/17530\/revisions"}],"predecessor-version":[{"id":17532,"href":"https:\/\/dgospel.com.br\/portal\/index.php\/wp-json\/wp\/v2\/posts\/17530\/revisions\/17532"}],"wp:featuredmedia":[{"embeddable":true,"href":"https:\/\/dgospel.com.br\/portal\/index.php\/wp-json\/wp\/v2\/media\/17531"}],"wp:attachment":[{"href":"https:\/\/dgospel.com.br\/portal\/index.php\/wp-json\/wp\/v2\/media?parent=17530"}],"wp:term":[{"taxonomy":"category","embeddable":true,"href":"https:\/\/dgospel.com.br\/portal\/index.php\/wp-json\/wp\/v2\/categories?post=17530"},{"taxonomy":"post_tag","embeddable":true,"href":"https:\/\/dgospel.com.br\/portal\/index.php\/wp-json\/wp\/v2\/tags?post=17530"}],"curies":[{"name":"wp","href":"https:\/\/api.w.org\/{rel}","templated":true}]}}