{"id":17533,"date":"2023-10-23T16:18:45","date_gmt":"2023-10-23T19:18:45","guid":{"rendered":"http:\/\/dgospel.com.br\/portal\/?p=17533"},"modified":"2023-10-23T16:18:47","modified_gmt":"2023-10-23T19:18:47","slug":"clamor-pela-paz-une-judeus-e-evangelicos-na-avenida-paulista","status":"publish","type":"post","link":"https:\/\/dgospel.com.br\/portal\/index.php\/2023\/10\/23\/clamor-pela-paz-une-judeus-e-evangelicos-na-avenida-paulista\/","title":{"rendered":"Clamor pela paz une judeus e evang\u00e9licos na Avenida Paulista"},"content":{"rendered":"\n<p>Neste domingo (22), judeus e evang\u00e9licos se reuniram na Avenida Paulista para um ato pr\u00f3-Israel que atraiu centenas de pessoas. Vestidos de branco e azul, as cores da bandeira israelense, o grupo pediu pela paz e condenou o terrorismo.<\/p>\n\n\n\n<p>O encontro aconteceu em frente ao pr\u00e9dio da Federa\u00e7\u00e3o das Ind\u00fastrias do Estado de S\u00e3o Paulo (Fiesp), com ora\u00e7\u00f5es, leitura da B\u00edblia e louvores.<\/p>\n\n\n\n<p>A Confedera\u00e7\u00e3o Israelita do Brasil (Conib) estava entre os participantes. O vice-presidente da entidade, Daniel Bialski, estava presente e condenou os ataques do Hamas aos civis israelenses.<\/p>\n\n\n\n<p>\u2013 A comunidade judaica veio apoiar este ato organizado de forma humana, solid\u00e1ria, por todo aquele horror que aconteceu l\u00e1. A gente espera que isso possa se mobilizar, possa se expandir pelo mundo, porque o que Israel quer, o que o povo judeu quer \u00e9 que esses terroristas sejam capturados, que as a\u00e7\u00f5es deles sejam conden\u00e1veis por todas as pessoas de bem e que, l\u00e1 na regi\u00e3o, Israel possa estabelecer de novo a paz para que sua popula\u00e7\u00e3o possa viver em tranquilidade \u2013 disse ele aos presentes.<\/p>\n\n\n\n<p>A Federa\u00e7\u00e3o Israelita de S\u00e3o Paulo e o Rabino Ventura tamb\u00e9m estiveram presentes representando os judeus.<\/p>\n\n\n\n<p>Representando os evang\u00e9licos estavam o bispo Robson Rodovalho, da Igreja Sara Nossa Terra, o vereador Rinaldi Digilio, pastor da Igreja Quadrangular Fam\u00edlia Global, o bispo Ricardo Lima, da Igreja Renascer em Cristo, entre outros. Os momentos de louvor foram conduzidos por grupos como o Dunamis Music, liderado por Gabriel Borges, e o Renascer Praise.<\/p>\n","protected":false},"excerpt":{"rendered":"<p>Neste domingo (22), judeus e evang\u00e9licos se reuniram na Avenida Paulista para um ato pr\u00f3-Israel que atraiu centenas de pessoas. Vestidos de branco e azul, as cores da bandeira israelense, o grupo pediu pela paz e condenou o terrorismo. O encontro aconteceu em frente ao pr\u00e9dio da Federa\u00e7\u00e3o das Ind\u00fastrias do Estado de S\u00e3o Paulo [&hellip;]<\/p>\n","protected":false},"author":2,"featured_media":17534,"comment_status":"open","ping_status":"open","sticky":false,"template":"","format":"standard","meta":[],"categories":[5],"tags":[],"_links":{"self":[{"href":"https:\/\/dgospel.com.br\/portal\/index.php\/wp-json\/wp\/v2\/posts\/17533"}],"collection":[{"href":"https:\/\/dgospel.com.br\/portal\/index.php\/wp-json\/wp\/v2\/posts"}],"about":[{"href":"https:\/\/dgospel.com.br\/portal\/index.php\/wp-json\/wp\/v2\/types\/post"}],"author":[{"embeddable":true,"href":"https:\/\/dgospel.com.br\/portal\/index.php\/wp-json\/wp\/v2\/users\/2"}],"replies":[{"embeddable":true,"href":"https:\/\/dgospel.com.br\/portal\/index.php\/wp-json\/wp\/v2\/comments?post=17533"}],"version-history":[{"count":1,"href":"https:\/\/dgospel.com.br\/portal\/index.php\/wp-json\/wp\/v2\/posts\/17533\/revisions"}],"predecessor-version":[{"id":17535,"href":"https:\/\/dgospel.com.br\/portal\/index.php\/wp-json\/wp\/v2\/posts\/17533\/revisions\/17535"}],"wp:featuredmedia":[{"embeddable":true,"href":"https:\/\/dgospel.com.br\/portal\/index.php\/wp-json\/wp\/v2\/media\/17534"}],"wp:attachment":[{"href":"https:\/\/dgospel.com.br\/portal\/index.php\/wp-json\/wp\/v2\/media?parent=17533"}],"wp:term":[{"taxonomy":"category","embeddable":true,"href":"https:\/\/dgospel.com.br\/portal\/index.php\/wp-json\/wp\/v2\/categories?post=17533"},{"taxonomy":"post_tag","embeddable":true,"href":"https:\/\/dgospel.com.br\/portal\/index.php\/wp-json\/wp\/v2\/tags?post=17533"}],"curies":[{"name":"wp","href":"https:\/\/api.w.org\/{rel}","templated":true}]}}