{"id":17539,"date":"2023-10-26T15:50:49","date_gmt":"2023-10-26T18:50:49","guid":{"rendered":"http:\/\/dgospel.com.br\/portal\/?p=17539"},"modified":"2023-10-26T15:50:51","modified_gmt":"2023-10-26T18:50:51","slug":"vereador-rubens-uchoa-concede-titulo-de-cidadao-palmense-ao-ex-senador-vicente-alves-de-oliveira","status":"publish","type":"post","link":"https:\/\/dgospel.com.br\/portal\/index.php\/2023\/10\/26\/vereador-rubens-uchoa-concede-titulo-de-cidadao-palmense-ao-ex-senador-vicente-alves-de-oliveira\/","title":{"rendered":"Vereador Rubens Uch\u00f4a concede t\u00edtulo de cidad\u00e3o palmense ao ex-senador Vicente Alves de Oliveira"},"content":{"rendered":"\n<p>Foi aprovado o Projeto de Lei de n\u00ba 159\/2023 de 24 de outubro de 2023 de autoria do vereador Rubens Uch\u00f4a que concede o t\u00edtulo de cidad\u00e3o palmense ao ex-senador da Republica Vicente Alves de Oliveira<\/p>\n\n\n\n<p>Rubens Uch\u00f4a justifica que, o ex-senador merece a referida homenagem, haja vista que o mesmo tem contribu\u00eddo com o Tocantins, em especialmente com Palmas, por isso o t\u00edtulo de cidad\u00e3o palmense \u00e9 mais que merecido.<\/p>\n\n\n\n<p>Vicente Alves de Oliveira \u00e9 formando em Gest\u00e3o P\u00fablica, Piloto comercial e tamb\u00e9m agropecuarista, nascido na cidade de Porto Nacional, interior do Tocantins, prefeito de sua cidade natal Porto Nacional entre 1989 e 1992, elegeu-se por dois mandatos consecutivos, 1998 e 2002, a deputado estadual chagando a presidir a Assembleia Legislativa do Tocantins.<\/p>\n\n\n\n<p>Em 2006 obteve nas urnas o mandato de deputado federal. Tendo pertencido ao PDT, PFL, PSDB, PL e ao Partido Solidariedade. Voltou ao Partido da Republica (PR) em 2014 agora PL Partido Liberal. Nas elei\u00e7\u00f5es estaduais no Tocantins em 2010, Vicentinho Alves disputou uma das duas vagas ao Senado Federal, mas obteve o 3\u00ba lugar, com 332.295 votos.<\/p>\n\n\n\n<p>Entretanto, um dos eleitos, o ex-governador do estado Marcelo Miranda teve sua candidatura indeferida com base da lei complementar 64\/90 pelo Tribunal Superior Eleitoral (TSE) em 16 de novembro de 2010, garantindo a Vicentinho Alves a diploma\u00e7\u00e3o e posse como senador do Tocantins a partir de 1\u00ba de fevereiro de 2011.&nbsp; Vicentinho assumiu a vaga deixada pelo ex-senador Leomar Quintanilha que j\u00e1 estava no senado h\u00e1 16 anos (2 mandatos consecutivos).<\/p>\n\n\n\n<p>Ocupou o cargo de Primeiro-Secret\u00e1rio da Mesa Diretora do Senado Federal no bi\u00eanio 2015-2016. Ao Primeiro-Secret\u00e1rio compete a administra\u00e7\u00e3o da Casa e a supervis\u00e3o geral do Senado Federal. Em dezembro de 2016, votou a favor da PEC do Teto dos Gastos P\u00fablicos.&nbsp; Em julho de 2017 votou a favor da reforma trabalhista.&nbsp;<\/p>\n\n\n\n<p>Vicentinho tamb\u00e9m obteve v\u00e1rias homenagens em sua carreira, em abril de 2004 foi reconhecido pela valoriza\u00e7\u00e3o do profissional de imprensa, quando pleiteava o mandato como deputado Estadual do Tocantins. Em novembro de 2003 na cidade de Palmas capital do Tocantins foi paraninfo da Academia Estadual de Seguran\u00e7a P\u00fablica\/ Departamento Civil de Estado do Tocantins\/ Formandos dos Cursos para Agentes e Escriv\u00e3es de Pol\u00edcia.<\/p>\n","protected":false},"excerpt":{"rendered":"<p>Foi aprovado o Projeto de Lei de n\u00ba 159\/2023 de 24 de outubro de 2023 de autoria do vereador Rubens Uch\u00f4a que concede o t\u00edtulo de cidad\u00e3o palmense ao ex-senador da Republica Vicente Alves de Oliveira Rubens Uch\u00f4a justifica que, o ex-senador merece a referida homenagem, haja vista que o mesmo tem contribu\u00eddo com o [&hellip;]<\/p>\n","protected":false},"author":2,"featured_media":17540,"comment_status":"open","ping_status":"open","sticky":false,"template":"","format":"standard","meta":[],"categories":[8],"tags":[13],"_links":{"self":[{"href":"https:\/\/dgospel.com.br\/portal\/index.php\/wp-json\/wp\/v2\/posts\/17539"}],"collection":[{"href":"https:\/\/dgospel.com.br\/portal\/index.php\/wp-json\/wp\/v2\/posts"}],"about":[{"href":"https:\/\/dgospel.com.br\/portal\/index.php\/wp-json\/wp\/v2\/types\/post"}],"author":[{"embeddable":true,"href":"https:\/\/dgospel.com.br\/portal\/index.php\/wp-json\/wp\/v2\/users\/2"}],"replies":[{"embeddable":true,"href":"https:\/\/dgospel.com.br\/portal\/index.php\/wp-json\/wp\/v2\/comments?post=17539"}],"version-history":[{"count":1,"href":"https:\/\/dgospel.com.br\/portal\/index.php\/wp-json\/wp\/v2\/posts\/17539\/revisions"}],"predecessor-version":[{"id":17541,"href":"https:\/\/dgospel.com.br\/portal\/index.php\/wp-json\/wp\/v2\/posts\/17539\/revisions\/17541"}],"wp:featuredmedia":[{"embeddable":true,"href":"https:\/\/dgospel.com.br\/portal\/index.php\/wp-json\/wp\/v2\/media\/17540"}],"wp:attachment":[{"href":"https:\/\/dgospel.com.br\/portal\/index.php\/wp-json\/wp\/v2\/media?parent=17539"}],"wp:term":[{"taxonomy":"category","embeddable":true,"href":"https:\/\/dgospel.com.br\/portal\/index.php\/wp-json\/wp\/v2\/categories?post=17539"},{"taxonomy":"post_tag","embeddable":true,"href":"https:\/\/dgospel.com.br\/portal\/index.php\/wp-json\/wp\/v2\/tags?post=17539"}],"curies":[{"name":"wp","href":"https:\/\/api.w.org\/{rel}","templated":true}]}}